{"id":51,"date":"2016-08-21T20:51:29","date_gmt":"2016-08-21T20:51:29","guid":{"rendered":"http:\/\/esch-taunus.de\/?p=51"},"modified":"2017-02-17T14:11:54","modified_gmt":"2017-02-17T13:11:54","slug":"zum-taunus","status":"publish","type":"post","link":"https:\/\/esch-taunus.de\/?p=51","title":{"rendered":"Frankfurter Stra\u00dfe 2"},"content":{"rendered":"<div>\n<div id=\"attachment_66\" style=\"width: 310px\" class=\"wp-caption alignleft\"><a href=\"http:\/\/esch-taunus.de\/?attachment_id=66\"><img loading=\"lazy\" decoding=\"async\" aria-describedby=\"caption-attachment-66\" class=\"wp-image-66 size-medium\" src=\"http:\/\/esch-taunus.de\/wp-content\/uploads\/2016\/08\/20160817_174541-300x225.jpg\" alt=\"Ortsansicht \/ Gasthaus &quot;Zum Taunus&quot;\" width=\"300\" height=\"225\" srcset=\"https:\/\/esch-taunus.de\/wp-content\/uploads\/2016\/08\/20160817_174541-300x225.jpg 300w, https:\/\/esch-taunus.de\/wp-content\/uploads\/2016\/08\/20160817_174541-768x576.jpg 768w, https:\/\/esch-taunus.de\/wp-content\/uploads\/2016\/08\/20160817_174541-1024x768.jpg 1024w\" sizes=\"auto, (max-width: 300px) 100vw, 300px\" \/><\/a><p id=\"caption-attachment-66\" class=\"wp-caption-text\">Ortsansicht \/ Gasthaus &#8222;Zum Taunus&#8220;<\/p><\/div>\n<p style=\"text-align: justify;\">Bei dem Anwesen in der Frankfurter Stra\u00dfe 2 handelt es sich, neben dem <a href=\"http:\/\/esch-taunus.de\/?p=527\">Riedschen Gut<\/a>, um einen der beiden historischen Gutsh\u00f6fe in Esch. Dort befand sich das Gasthaus zum Taunus sowie ein Einkaufsladen und sp\u00e4ter wechselnde Gewerbebetriebe.<\/p>\n<p style=\"text-align: justify;\">Das Gasthaus zum Taunus an der Kreuzung B8\/B275 (dem Dalles) ist ebenso wie die <a href=\"http:\/\/esch-taunus.de\/?p=53\">Krone<\/a> ein Traditionshaus.\u00a0 Auf einer Ansichtskarte von 1911 (siehe Bild) ist Karl Schneider als Wirt verzeichnet. Mitte des 20ten Jahrhunderts wirkte dort <a href=\"http:\/\/esch-taunus.de\/?p=1018\">Willy Schneider<\/a>.<\/p>\n<div id=\"attachment_1847\" style=\"width: 207px\" class=\"wp-caption alignright\"><a href=\"https:\/\/esch-taunus.de\/?attachment_id=1847\" rel=\"attachment wp-att-1847\"><img loading=\"lazy\" decoding=\"async\" aria-describedby=\"caption-attachment-1847\" class=\"size-medium wp-image-1847\" src=\"https:\/\/esch-taunus.de\/wp-content\/uploads\/2017\/02\/Willi-Schneider-1934-197x300.jpg\" alt=\"\" width=\"197\" height=\"300\" srcset=\"https:\/\/esch-taunus.de\/wp-content\/uploads\/2017\/02\/Willi-Schneider-1934-197x300.jpg 197w, https:\/\/esch-taunus.de\/wp-content\/uploads\/2017\/02\/Willi-Schneider-1934-768x1171.jpg 768w, https:\/\/esch-taunus.de\/wp-content\/uploads\/2017\/02\/Willi-Schneider-1934-672x1024.jpg 672w, https:\/\/esch-taunus.de\/wp-content\/uploads\/2017\/02\/Willi-Schneider-1934-624x951.jpg 624w\" sizes=\"auto, (max-width: 197px) 100vw, 197px\" \/><\/a><p id=\"caption-attachment-1847\" class=\"wp-caption-text\">Postkarte Ortsansicht Esch und Gasthaus zum Taunus von Willi Schneider, gelaufen 1934, Verlag durch Foto Leidner, Idstein<\/p><\/div>\n<p style=\"text-align: justify;\">In dem Geb\u00e4ude befanden sich bis in die 1990er Jahre neben der eigentlichen Gastst\u00e4tte der EDEKA-Laden von Annemarie Kopp und der &#8222;Gemeinderaum&#8220;, der sowohl f\u00fcr die Chorproben des <a href=\"http:\/\/esch-taunus.de\/?p=27\">Gesangsvereins<\/a> und des Frauenchores, vom <a href=\"http:\/\/esch-taunus.de\/?p=38\">Altenclub<\/a>\u00a0und f\u00fcr Versammlungen und offizielle, gemeindliche Anl\u00e4sse als auch f\u00fcr private Feiern genutzt wurde. Bei letzteren ist insbesondere das &#8222;Flennes&#8220; zu nennen, der Leichenschmaus nach einer Beerdigung, der in Esch traditionell mit Kaffe, Streuselkuchen und Reiheweck begangen wird. Hier erfolgte die Bewirtung dann durch den Taunus, zuletzt gef\u00fchrt von Lotte Dambeck, der Tochter von Willy Schneider.<\/p>\n<p style=\"text-align: justify;\">Bis zuletzt betrieb Lotte Dambeck eine Lottoannahmestelle in Ihrer Kneipe. Gro\u00dfe Gastronomie gab es dann schon nicht mehr. Die Gastst\u00e4tte selbst wurde in den 2000er Jahren geschlossen.<\/p>\n<div class=\"tiled-gallery type-rectangular tiled-gallery-unresized\" data-original-width=\"625\" data-carousel-extra='null' itemscope itemtype=\"http:\/\/schema.org\/ImageGallery\" > <div class=\"gallery-row\" style=\"width: 625px; height: 116px;\" data-original-width=\"625\" data-original-height=\"116\" > <div class=\"gallery-group images-1\" style=\"width: 298px; height: 116px;\" data-original-width=\"298\" data-original-height=\"116\" > <div class=\"tiled-gallery-item tiled-gallery-item-large\" itemprop=\"associatedMedia\" itemscope itemtype=\"http:\/\/schema.org\/ImageObject\"> <a href=\"https:\/\/esch-taunus.de\/?attachment_id=1492\" border=\"0\" itemprop=\"url\"> <meta itemprop=\"width\" content=\"294\"> <meta itemprop=\"height\" content=\"112\"> <img decoding=\"async\" class=\"\" data-attachment-id=\"1492\" data-orig-file=\"https:\/\/esch-taunus.de\/wp-content\/uploads\/2016\/11\/2016-11-24-21.09.10-e1480020065508.jpg\" data-orig-size=\"681,260\" data-comments-opened=\"1\" data-image-meta=\"{&quot;aperture&quot;:&quot;2.2&quot;,&quot;credit&quot;:&quot;&quot;,&quot;camera&quot;:&quot;SM-G388F&quot;,&quot;caption&quot;:&quot;&quot;,&quot;created_timestamp&quot;:&quot;0&quot;,&quot;copyright&quot;:&quot;&quot;,&quot;focal_length&quot;:&quot;3.31&quot;,&quot;iso&quot;:&quot;80&quot;,&quot;shutter_speed&quot;:&quot;0.025&quot;,&quot;title&quot;:&quot;&quot;,&quot;orientation&quot;:&quot;0&quot;}\" data-image-title=\"Anzeige &amp;#8222;EDEKA Annemarie Kopp&amp;#8220;\" data-image-description=\"\" data-medium-file=\"https:\/\/esch-taunus.de\/wp-content\/uploads\/2016\/11\/2016-11-24-21.09.10-e1480020065508-300x115.jpg\" data-large-file=\"https:\/\/esch-taunus.de\/wp-content\/uploads\/2016\/11\/2016-11-24-21.09.10-e1480020065508.jpg\" src=\"https:\/\/i0.wp.com\/esch-taunus.de\/wp-content\/uploads\/2016\/11\/2016-11-24-21.09.10-e1480020065508.jpg?w=294&#038;h=112&#038;ssl=1\" srcset=\"https:\/\/esch-taunus.de\/wp-content\/uploads\/2016\/11\/2016-11-24-21.09.10-e1480020065508.jpg 681w, https:\/\/esch-taunus.de\/wp-content\/uploads\/2016\/11\/2016-11-24-21.09.10-e1480020065508-300x115.jpg 300w, https:\/\/esch-taunus.de\/wp-content\/uploads\/2016\/11\/2016-11-24-21.09.10-e1480020065508-624x238.jpg 624w\" width=\"294\" height=\"112\" loading=\"lazy\" data-original-width=\"294\" data-original-height=\"112\" itemprop=\"http:\/\/schema.org\/image\" title=\"Anzeige &quot;EDEKA Annemarie Kopp&quot;\" alt=\"Anzeige &quot;EDEKA Annemarie Kopp&quot;, Festschrift &quot;100 Jahre Chrogesang in Esch, 1983\" style=\"width: 294px; height: 112px;\" \/> <\/a> <div class=\"tiled-gallery-caption\" itemprop=\"caption description\"> Anzeige &#8222;EDEKA Annemarie Kopp&#8220;, Festschrift &#8222;100 Jahre Chrogesang in Esch, 1983 <\/div> <\/div> <\/div> <!-- close group --> <div class=\"gallery-group images-1\" style=\"width: 327px; height: 116px;\" data-original-width=\"327\" data-original-height=\"116\" > <div class=\"tiled-gallery-item tiled-gallery-item-large\" itemprop=\"associatedMedia\" itemscope itemtype=\"http:\/\/schema.org\/ImageObject\"> <a href=\"https:\/\/esch-taunus.de\/?attachment_id=1490\" border=\"0\" itemprop=\"url\"> <meta itemprop=\"width\" content=\"323\"> <meta itemprop=\"height\" content=\"112\"> <img decoding=\"async\" class=\"\" data-attachment-id=\"1490\" data-orig-file=\"https:\/\/esch-taunus.de\/wp-content\/uploads\/2016\/11\/2016-11-24-21.11.08-e1480020208554.jpg\" data-orig-size=\"646,224\" data-comments-opened=\"1\" data-image-meta=\"{&quot;aperture&quot;:&quot;2.2&quot;,&quot;credit&quot;:&quot;&quot;,&quot;camera&quot;:&quot;SM-G388F&quot;,&quot;caption&quot;:&quot;&quot;,&quot;created_timestamp&quot;:&quot;0&quot;,&quot;copyright&quot;:&quot;&quot;,&quot;focal_length&quot;:&quot;3.31&quot;,&quot;iso&quot;:&quot;120&quot;,&quot;shutter_speed&quot;:&quot;0.025&quot;,&quot;title&quot;:&quot;&quot;,&quot;orientation&quot;:&quot;0&quot;}\" data-image-title=\"Anzeige &amp;#8222;Zum Taunus&amp;#8220;\" data-image-description=\"\" data-medium-file=\"https:\/\/esch-taunus.de\/wp-content\/uploads\/2016\/11\/2016-11-24-21.11.08-e1480020208554-300x104.jpg\" data-large-file=\"https:\/\/esch-taunus.de\/wp-content\/uploads\/2016\/11\/2016-11-24-21.11.08-e1480020208554.jpg\" src=\"https:\/\/i0.wp.com\/esch-taunus.de\/wp-content\/uploads\/2016\/11\/2016-11-24-21.11.08-e1480020208554.jpg?w=323&#038;h=112&#038;ssl=1\" srcset=\"https:\/\/esch-taunus.de\/wp-content\/uploads\/2016\/11\/2016-11-24-21.11.08-e1480020208554.jpg 646w, https:\/\/esch-taunus.de\/wp-content\/uploads\/2016\/11\/2016-11-24-21.11.08-e1480020208554-300x104.jpg 300w, https:\/\/esch-taunus.de\/wp-content\/uploads\/2016\/11\/2016-11-24-21.11.08-e1480020208554-624x216.jpg 624w\" width=\"323\" height=\"112\" loading=\"lazy\" data-original-width=\"323\" data-original-height=\"112\" itemprop=\"http:\/\/schema.org\/image\" title=\"Anzeige &quot;Zum Taunus&quot;\" alt=\"Anzeige &quot;Gasthaus zu Taunus, Werner und Lotte Dambeck&quot;, Festschrift &quot;100 Jahre Chrogesang in Esch, 1983\" style=\"width: 323px; height: 112px;\" \/> <\/a> <div class=\"tiled-gallery-caption\" itemprop=\"caption description\"> Anzeige &#8222;Gasthaus zu Taunus, Werner und Lotte Dambeck&#8220;, Festschrift &#8222;100 Jahre Chrogesang in Esch, 1983 <\/div> <\/div> <\/div> <!-- close group --> <\/div> <!-- close row --> <\/div>\n<p style=\"text-align: justify;\">Nach der Er\u00f6ffnung des EDEKA-Marktes\u00a0im Gewerbegebiet\u00a0entstand in\u00a0den R\u00e4umen des\u00a0Ladens\u00a0\u00a0eine Pizzeria,\u00a0und nachdem das <a href=\"http:\/\/esch-taunus.de\/?p=595\">Dorfgemeinschaftshaus<\/a> er\u00f6ffnet wurde zog in den Gemeinderaum zun\u00e4chst die Fahrschule Kobeck ein. Sp\u00e4ter wurde dieser Raum auch der Pizzeria angegliedert. Diese hatte seit der Er\u00f6ffnung verschiedene Namen und noch mehr verschiedene Besitzer. Namen, an die ich mich erinnere, sind &#8222;Gepetto&#8220;, &#8222;Pinocchio&#8220;\u00a0 und\u00a0heute &#8222;Da Giorgio&#8220;. Die Pizzeria wird sowohl von der Dorfgemeinschaft als auch von Ausw\u00e4rtigen gerne genutzt und es gibt mehrere &#8222;Stammtische&#8220;. Sie genie\u00dft einen guten Ruf in der gesamten Umgebung.<\/p>\n<div id=\"attachment_1467\" style=\"width: 310px\" class=\"wp-caption aligncenter\"><a href=\"http:\/\/esch-taunus.de\/wp-content\/uploads\/2016\/08\/Da-Giorgio-2016.jpg\"><img loading=\"lazy\" decoding=\"async\" aria-describedby=\"caption-attachment-1467\" class=\"size-medium wp-image-1467\" src=\"http:\/\/esch-taunus.de\/wp-content\/uploads\/2016\/08\/Da-Giorgio-2016-300x169.jpg\" alt=\"Ehemaliger Gemeinderaum und EDEKA-Laden, heute Pizzeria da Giorgio, 2016, Foto: Pizzeria Da Giorgio\" width=\"300\" height=\"169\" srcset=\"https:\/\/esch-taunus.de\/wp-content\/uploads\/2016\/08\/Da-Giorgio-2016-300x169.jpg 300w, https:\/\/esch-taunus.de\/wp-content\/uploads\/2016\/08\/Da-Giorgio-2016-768x432.jpg 768w, https:\/\/esch-taunus.de\/wp-content\/uploads\/2016\/08\/Da-Giorgio-2016-624x351.jpg 624w, https:\/\/esch-taunus.de\/wp-content\/uploads\/2016\/08\/Da-Giorgio-2016.jpg 960w\" sizes=\"auto, (max-width: 300px) 100vw, 300px\" \/><\/a><p id=\"caption-attachment-1467\" class=\"wp-caption-text\">Ehemaliger Gemeinderaum und EDEKA-Laden, heute Pizzeria da Giorgio, 2016, Foto: Pizzeria Da Giorgio<\/p><\/div>\n<p style=\"text-align: justify;\">Quellen:<\/p>\n<p style=\"text-align: justify;\"><div id=\"zotpress-bad719b8b66d9c1bf4773717846b68b0\" class=\"zp-Zotpress zp-Zotpress-Bib wp-block-group\">\n\n\t\t<span class=\"ZP_API_USER_ID ZP_ATTR\">3307718<\/span>\n\t\t<span class=\"ZP_ITEM_KEY ZP_ATTR\">{:MZI96H36},{:6R2I54VK}<\/span>\n\t\t<span class=\"ZP_COLLECTION_ID ZP_ATTR\"><\/span>\n\t\t<span class=\"ZP_TAG_ID ZP_ATTR\"><\/span>\n\t\t<span class=\"ZP_AUTHOR ZP_ATTR\"><\/span>\n\t\t<span class=\"ZP_YEAR ZP_ATTR\"><\/span>\n        <span class=\"ZP_ITEMTYPE ZP_ATTR\"><\/span>\n\t\t<span class=\"ZP_INCLUSIVE ZP_ATTR\">1<\/span>\n\t\t<span class=\"ZP_STYLE ZP_ATTR\">harvard1<\/span>\n\t\t<span class=\"ZP_LIMIT ZP_ATTR\">50<\/span>\n\t\t<span class=\"ZP_SORTBY ZP_ATTR\">default<\/span>\n\t\t<span class=\"ZP_ORDER ZP_ATTR\"><\/span>\n\t\t<span class=\"ZP_TITLE ZP_ATTR\"><\/span>\n\t\t<span class=\"ZP_SHOWIMAGE ZP_ATTR\"><\/span>\n\t\t<span class=\"ZP_SHOWTAGS ZP_ATTR\"><\/span>\n\t\t<span class=\"ZP_DOWNLOADABLE ZP_ATTR\"><\/span>\n\t\t<span class=\"ZP_NOTES ZP_ATTR\"><\/span>\n\t\t<span class=\"ZP_ABSTRACT ZP_ATTR\"><\/span>\n\t\t<span class=\"ZP_CITEABLE ZP_ATTR\"><\/span>\n\t\t<span class=\"ZP_TARGET ZP_ATTR\"><\/span>\n\t\t<span class=\"ZP_URLWRAP ZP_ATTR\"><\/span>\n\t\t<span class=\"ZP_FORCENUM ZP_ATTR\"><\/span>\n        <span class=\"ZP_HIGHLIGHT ZP_ATTR\"><\/span>\n        <span class=\"ZP_POSTID ZP_ATTR\">51<\/span>\n\t\t<span class=\"ZOTPRESS_PLUGIN_URL ZP_ATTR\">https:\/\/esch-taunus.de\/wp-content\/plugins\/zotpress\/<\/span>\n\n\t\t<div class=\"zp-List loading\">\n\t\t\t<div class=\"zp-SEO-Content\">\n\n\t\t\t<\/div><!-- .zp-zp-SEO-Content -->\n\t\t<\/div><!-- .zp-List -->\n\t<\/div><!--.zp-Zotpress-->\n\n<\/p>\n<\/div>\n","protected":false},"excerpt":{"rendered":"<p>Bei dem Anwesen in der Frankfurter Stra\u00dfe 2 handelt es sich, neben dem Riedschen Gut, um einen der beiden historischen Gutsh\u00f6fe in Esch. Dort befand sich das Gasthaus zum Taunus sowie ein Einkaufsladen und sp\u00e4ter wechselnde Gewerbebetriebe. Das Gasthaus zum Taunus an der Kreuzung B8\/B275 (dem Dalles) ist ebenso wie die Krone ein Traditionshaus.\u00a0 Auf [&hellip;]<\/p>\n","protected":false},"author":1,"featured_media":0,"comment_status":"open","ping_status":"open","sticky":false,"template":"","format":"standard","meta":{"jetpack_post_was_ever_published":false,"_jetpack_newsletter_access":"","_jetpack_dont_email_post_to_subs":true,"_jetpack_newsletter_tier_id":0,"_jetpack_memberships_contains_paywalled_content":false,"_jetpack_memberships_contains_paid_content":false,"footnotes":"","jetpack_publicize_message":"","jetpack_publicize_feature_enabled":true,"jetpack_social_post_already_shared":false,"jetpack_social_options":{"image_generator_settings":{"template":"highway","default_image_id":0,"font":"","enabled":false},"version":2}},"categories":[3],"tags":[18,144,57,17],"class_list":["post-51","post","type-post","status-publish","format-standard","hentry","category-gasthaeuser","tag-dambeck","tag-kobeck","tag-kopp","tag-schneider"],"jetpack_publicize_connections":[],"jetpack_featured_media_url":"","jetpack_shortlink":"https:\/\/wp.me\/p7PAez-P","jetpack_sharing_enabled":true,"jetpack_likes_enabled":true,"_links":{"self":[{"href":"https:\/\/esch-taunus.de\/index.php?rest_route=\/wp\/v2\/posts\/51","targetHints":{"allow":["GET"]}}],"collection":[{"href":"https:\/\/esch-taunus.de\/index.php?rest_route=\/wp\/v2\/posts"}],"about":[{"href":"https:\/\/esch-taunus.de\/index.php?rest_route=\/wp\/v2\/types\/post"}],"author":[{"embeddable":true,"href":"https:\/\/esch-taunus.de\/index.php?rest_route=\/wp\/v2\/users\/1"}],"replies":[{"embeddable":true,"href":"https:\/\/esch-taunus.de\/index.php?rest_route=%2Fwp%2Fv2%2Fcomments&post=51"}],"version-history":[{"count":18,"href":"https:\/\/esch-taunus.de\/index.php?rest_route=\/wp\/v2\/posts\/51\/revisions"}],"predecessor-version":[{"id":1848,"href":"https:\/\/esch-taunus.de\/index.php?rest_route=\/wp\/v2\/posts\/51\/revisions\/1848"}],"wp:attachment":[{"href":"https:\/\/esch-taunus.de\/index.php?rest_route=%2Fwp%2Fv2%2Fmedia&parent=51"}],"wp:term":[{"taxonomy":"category","embeddable":true,"href":"https:\/\/esch-taunus.de\/index.php?rest_route=%2Fwp%2Fv2%2Fcategories&post=51"},{"taxonomy":"post_tag","embeddable":true,"href":"https:\/\/esch-taunus.de\/index.php?rest_route=%2Fwp%2Fv2%2Ftags&post=51"}],"curies":[{"name":"wp","href":"https:\/\/api.w.org\/{rel}","templated":true}]}}