{"id":208,"date":"2016-08-22T11:42:28","date_gmt":"2016-08-22T11:42:28","guid":{"rendered":"http:\/\/esch-taunus.de\/?p=208"},"modified":"2021-01-06T11:56:17","modified_gmt":"2021-01-06T10:56:17","slug":"hans-lenzen","status":"publish","type":"post","link":"https:\/\/esch-taunus.de\/?p=208","title":{"rendered":"Hans Lenzen"},"content":{"rendered":"<div dir=\"ltr\">Hans Lenzen war Lehrer an der Volksschule in Esch. Er wird z.B. im Heimatjahrbuch 1950 unter Das \u00f6ffentliche Leben im Untertaunuskreis erw\u00e4hnt. Nach der Wiedergr\u00fcndung der\u00a0<a href=\"http:\/\/esch-taunus.de\/?p=27\">S\u00e4ngervereinigung 1883 Esch e.V.<\/a>\u00a0war er kurzzeitig ihr Chorleiter.<\/div>\n<div dir=\"ltr\">\u00a0<\/div>\n<div dir=\"ltr\">\u00a0<\/div>\n<div dir=\"ltr\">\u00a0<\/div>\n<div dir=\"ltr\">Quellen:<\/div>\n<div dir=\"ltr\">\u00a0<\/div>\n\n<div id=\"zotpress-964d258e6fa22d743d0de9a4e3c4871e\" class=\"zp-Zotpress zp-Zotpress-Bib wp-block-group\">\n\n\t\t<span class=\"ZP_API_USER_ID ZP_ATTR\">3307718<\/span>\n\t\t<span class=\"ZP_ITEM_KEY ZP_ATTR\">{3307718:BFKUD7H5},{3307718:AQR8HKDW}<\/span>\n\t\t<span class=\"ZP_COLLECTION_ID ZP_ATTR\"><\/span>\n\t\t<span class=\"ZP_TAG_ID ZP_ATTR\"><\/span>\n\t\t<span class=\"ZP_AUTHOR ZP_ATTR\"><\/span>\n\t\t<span class=\"ZP_YEAR ZP_ATTR\"><\/span>\n        <span class=\"ZP_ITEMTYPE ZP_ATTR\"><\/span>\n\t\t<span class=\"ZP_INCLUSIVE ZP_ATTR\">1<\/span>\n\t\t<span class=\"ZP_STYLE ZP_ATTR\">harvard1<\/span>\n\t\t<span class=\"ZP_LIMIT ZP_ATTR\">50<\/span>\n\t\t<span class=\"ZP_SORTBY ZP_ATTR\">default<\/span>\n\t\t<span class=\"ZP_ORDER ZP_ATTR\"><\/span>\n\t\t<span class=\"ZP_TITLE ZP_ATTR\"><\/span>\n\t\t<span class=\"ZP_SHOWIMAGE ZP_ATTR\"><\/span>\n\t\t<span class=\"ZP_SHOWTAGS ZP_ATTR\"><\/span>\n\t\t<span class=\"ZP_DOWNLOADABLE ZP_ATTR\"><\/span>\n\t\t<span class=\"ZP_NOTES ZP_ATTR\"><\/span>\n\t\t<span class=\"ZP_ABSTRACT ZP_ATTR\"><\/span>\n\t\t<span class=\"ZP_CITEABLE ZP_ATTR\"><\/span>\n\t\t<span class=\"ZP_TARGET ZP_ATTR\"><\/span>\n\t\t<span class=\"ZP_URLWRAP ZP_ATTR\"><\/span>\n\t\t<span class=\"ZP_FORCENUM ZP_ATTR\"><\/span>\n        <span class=\"ZP_HIGHLIGHT ZP_ATTR\"><\/span>\n        <span class=\"ZP_POSTID ZP_ATTR\">208<\/span>\n\t\t<span class=\"ZOTPRESS_PLUGIN_URL ZP_ATTR\">https:\/\/esch-taunus.de\/wp-content\/plugins\/zotpress\/<\/span>\n\n\t\t<div class=\"zp-List loading\">\n\t\t\t<div class=\"zp-SEO-Content\">\n\t\t\t\t<span class=\"ZP_JSON ZP_ATTR\">%7B%22status%22%3A%22success%22%2C%22updateneeded%22%3Afalse%2C%22instance%22%3Afalse%2C%22meta%22%3A%7B%22request_last%22%3A0%2C%22request_next%22%3A0%2C%22used_cache%22%3Atrue%7D%2C%22data%22%3A%5B%7B%22key%22%3A%22BFKUD7H5%22%2C%22library%22%3A%7B%22id%22%3A3307718%7D%2C%22meta%22%3A%7B%22creatorSummary%22%3A%22Kreisausschuss%20des%20Untertaunuskreises%22%2C%22parsedDate%22%3A%221950%22%2C%22numChildren%22%3A1%7D%2C%22bib%22%3A%22%26lt%3Bdiv%20class%3D%26quot%3Bcsl-bib-body%26quot%3B%20style%3D%26quot%3Bline-height%3A%201.35%3B%20%26quot%3B%26gt%3B%5Cn%20%20%26lt%3Bdiv%20class%3D%26quot%3Bcsl-entry%26quot%3B%26gt%3BKreisausschuss%20des%20Untertaunuskreises%20%28ed.%29%20%281950%29%20%26lt%3Bi%26gt%3BHeimatjahrbuch%20%26%23x2018%3BDer%20Untertaunus%26%23x2019%3B%26lt%3B%5C%2Fi%26gt%3B.%26lt%3B%5C%2Fdiv%26gt%3B%5Cn%26lt%3B%5C%2Fdiv%26gt%3B%22%2C%22data%22%3A%7B%22itemType%22%3A%22book%22%2C%22title%22%3A%22Heimatjahrbuch%20%5C%22Der%20Untertaunus%5C%22%22%2C%22creators%22%3A%5B%7B%22creatorType%22%3A%22editor%22%2C%22name%22%3A%22Kreisausschuss%20des%20Untertaunuskreises%22%7D%5D%2C%22abstractNote%22%3A%22%22%2C%22date%22%3A%221950%22%2C%22language%22%3A%22%22%2C%22ISBN%22%3A%22%22%2C%22url%22%3A%22%22%2C%22collections%22%3A%5B%22JK8NAIU9%22%5D%2C%22dateModified%22%3A%222021-01-06T19%3A57%3A54Z%22%7D%7D%2C%7B%22key%22%3A%22AQR8HKDW%22%2C%22library%22%3A%7B%22id%22%3A3307718%7D%2C%22meta%22%3A%7B%22creatorSummary%22%3A%22S%5Cu00e4ngervereinigung%201883%20Esch%20e.V%2C%22%2C%22parsedDate%22%3A%221983%22%2C%22numChildren%22%3A0%7D%2C%22bib%22%3A%22%26lt%3Bdiv%20class%3D%26quot%3Bcsl-bib-body%26quot%3B%20style%3D%26quot%3Bline-height%3A%201.35%3B%20%26quot%3B%26gt%3B%5Cn%20%20%26lt%3Bdiv%20class%3D%26quot%3Bcsl-entry%26quot%3B%26gt%3BS%26%23xE4%3Bngervereinigung%201883%20Esch%20e.V%2C%20%28ed.%29%20%281983%29%20%26lt%3Bi%26gt%3B100%20Jahre%20Chorgesang%20in%20Esch%26lt%3B%5C%2Fi%26gt%3B.%26lt%3B%5C%2Fdiv%26gt%3B%5Cn%26lt%3B%5C%2Fdiv%26gt%3B%22%2C%22data%22%3A%7B%22itemType%22%3A%22book%22%2C%22title%22%3A%22100%20Jahre%20Chorgesang%20in%20Esch%22%2C%22creators%22%3A%5B%7B%22creatorType%22%3A%22editor%22%2C%22name%22%3A%22S%5Cu00e4ngervereinigung%201883%20Esch%20e.V%2C%22%7D%5D%2C%22abstractNote%22%3A%22%22%2C%22date%22%3A%221983%22%2C%22language%22%3A%22%22%2C%22ISBN%22%3A%22%22%2C%22url%22%3A%22%22%2C%22collections%22%3A%5B%22VN3EAAKA%22%5D%2C%22dateModified%22%3A%222021-01-06T19%3A56%3A56Z%22%7D%7D%5D%7D<\/span>\n\n\t\t\t\t<div id=\"zp-ID-208-3307718-BFKUD7H5\" data-zp-author-date='Kreisausschuss-des-Untertaunuskreises-1950' data-zp-date-author='1950-Kreisausschuss-des-Untertaunuskreises' data-zp-date='1950' data-zp-year='1950' data-zp-itemtype='book' class=\"zp-Entry zpSearchResultsItem\">\n<div class=\"csl-bib-body\" style=\"line-height: 1.35; \">\n  <div class=\"csl-entry\">Kreisausschuss des Untertaunuskreises (ed.) (1950) <i>Heimatjahrbuch \u2018Der Untertaunus\u2019<\/i>.<\/div>\n<\/div>\n\t\t\t\t<\/div><!-- .zp-Entry .zpSearchResultsItem -->\t\t\t\t<div id=\"zp-ID-208-3307718-AQR8HKDW\" data-zp-author-date='S\u00e4ngervereinigung-1883-Esch-e.V,-1983' data-zp-date-author='1983-S\u00e4ngervereinigung-1883-Esch-e.V,' data-zp-date='1983' data-zp-year='1983' data-zp-itemtype='book' class=\"zp-Entry zpSearchResultsItem\">\n<div class=\"csl-bib-body\" style=\"line-height: 1.35; \">\n  <div class=\"csl-entry\">S\u00e4ngervereinigung 1883 Esch e.V, (ed.) (1983) <i>100 Jahre Chorgesang in Esch<\/i>.<\/div>\n<\/div>\n\t\t\t\t<\/div><!-- .zp-Entry .zpSearchResultsItem -->\n\t\t\t<\/div><!-- .zp-zp-SEO-Content -->\n\t\t<\/div><!-- .zp-List -->\n\t<\/div><!--.zp-Zotpress-->\n\n\n","protected":false},"excerpt":{"rendered":"<p>Hans Lenzen war Lehrer an der Volksschule in Esch. Er wird z.B. im Heimatjahrbuch 1950 unter Das \u00f6ffentliche Leben im Untertaunuskreis erw\u00e4hnt. Nach der Wiedergr\u00fcndung der\u00a0S\u00e4ngervereinigung 1883 Esch e.V.\u00a0war er kurzzeitig ihr Chorleiter. \u00a0 \u00a0 \u00a0 Quellen: \u00a0<\/p>\n","protected":false},"author":1,"featured_media":0,"comment_status":"open","ping_status":"open","sticky":false,"template":"","format":"standard","meta":{"jetpack_post_was_ever_published":false,"_jetpack_newsletter_access":"","_jetpack_dont_email_post_to_subs":true,"_jetpack_newsletter_tier_id":0,"_jetpack_memberships_contains_paywalled_content":false,"_jetpack_memberships_contains_paid_content":false,"footnotes":"","jetpack_publicize_message":"","jetpack_publicize_feature_enabled":true,"jetpack_social_post_already_shared":false,"jetpack_social_options":{"image_generator_settings":{"template":"highway","default_image_id":0,"font":"","enabled":false},"version":2}},"categories":[6],"tags":[91],"class_list":["post-208","post","type-post","status-publish","format-standard","hentry","category-menschen","tag-lenzen"],"jetpack_publicize_connections":[],"jetpack_featured_media_url":"","jetpack_shortlink":"https:\/\/wp.me\/p7PAez-3m","jetpack_sharing_enabled":true,"jetpack_likes_enabled":true,"_links":{"self":[{"href":"https:\/\/esch-taunus.de\/index.php?rest_route=\/wp\/v2\/posts\/208","targetHints":{"allow":["GET"]}}],"collection":[{"href":"https:\/\/esch-taunus.de\/index.php?rest_route=\/wp\/v2\/posts"}],"about":[{"href":"https:\/\/esch-taunus.de\/index.php?rest_route=\/wp\/v2\/types\/post"}],"author":[{"embeddable":true,"href":"https:\/\/esch-taunus.de\/index.php?rest_route=\/wp\/v2\/users\/1"}],"replies":[{"embeddable":true,"href":"https:\/\/esch-taunus.de\/index.php?rest_route=%2Fwp%2Fv2%2Fcomments&post=208"}],"version-history":[{"count":3,"href":"https:\/\/esch-taunus.de\/index.php?rest_route=\/wp\/v2\/posts\/208\/revisions"}],"predecessor-version":[{"id":2571,"href":"https:\/\/esch-taunus.de\/index.php?rest_route=\/wp\/v2\/posts\/208\/revisions\/2571"}],"wp:attachment":[{"href":"https:\/\/esch-taunus.de\/index.php?rest_route=%2Fwp%2Fv2%2Fmedia&parent=208"}],"wp:term":[{"taxonomy":"category","embeddable":true,"href":"https:\/\/esch-taunus.de\/index.php?rest_route=%2Fwp%2Fv2%2Fcategories&post=208"},{"taxonomy":"post_tag","embeddable":true,"href":"https:\/\/esch-taunus.de\/index.php?rest_route=%2Fwp%2Fv2%2Ftags&post=208"}],"curies":[{"name":"wp","href":"https:\/\/api.w.org\/{rel}","templated":true}]}}