{"id":1733,"date":"2017-01-11T10:43:30","date_gmt":"2017-01-11T09:43:30","guid":{"rendered":"http:\/\/esch-taunus.de\/?p=1733"},"modified":"2017-01-11T10:49:24","modified_gmt":"2017-01-11T09:49:24","slug":"wilhelm-kalkofen","status":"publish","type":"post","link":"https:\/\/esch-taunus.de\/?p=1733","title":{"rendered":"Wilhelm Kalkofen"},"content":{"rendered":"<p style=\"text-align: justify;\">Wilhelm Kalkofen wurde 1889 geboren. Er heiratet seine Frau Lina (*1897 &#8211; +1986) und war nach dem von 1950 bis 1967 Chorleiter der <a href=\"http:\/\/esch-taunus.de\/?p=27\">S\u00e4ngervereinigung 1883 Esch e.V..<\/a> Sie hatten mindestens eine Tochter, Liselotte (*1919 &#8211; +2009, sp\u00e4ter Osterer). Sein Enkel ist Erhard Osterer, der die Chorleitung von ihm \u00fcbernahm (und sp\u00e4ter den Frauenchor betreute). W\u00e4hrend dieser Zeit war Kalkofen auch Lehrer in der <a href=\"http:\/\/esch-taunus.de\/?p=556\">Schule<\/a>. Wilhelm Kalkofen verstarb 1975.<\/p>\n<p style=\"text-align: justify;\">Quellen:<\/p>\n<div id=\"zotpress-f78bd7c7423cd1448823ea837cb37219\" class=\"zp-Zotpress zp-Zotpress-Bib wp-block-group\">\n\n\t\t<span class=\"ZP_API_USER_ID ZP_ATTR\">3307718<\/span>\n\t\t<span class=\"ZP_ITEM_KEY ZP_ATTR\">{:U9WWE85I},{:AH9UJN6E}<\/span>\n\t\t<span class=\"ZP_COLLECTION_ID ZP_ATTR\"><\/span>\n\t\t<span class=\"ZP_TAG_ID ZP_ATTR\"><\/span>\n\t\t<span class=\"ZP_AUTHOR ZP_ATTR\"><\/span>\n\t\t<span class=\"ZP_YEAR ZP_ATTR\"><\/span>\n        <span class=\"ZP_ITEMTYPE ZP_ATTR\"><\/span>\n\t\t<span class=\"ZP_INCLUSIVE ZP_ATTR\">1<\/span>\n\t\t<span class=\"ZP_STYLE ZP_ATTR\">harvard1<\/span>\n\t\t<span class=\"ZP_LIMIT ZP_ATTR\">50<\/span>\n\t\t<span class=\"ZP_SORTBY ZP_ATTR\">default<\/span>\n\t\t<span class=\"ZP_ORDER ZP_ATTR\"><\/span>\n\t\t<span class=\"ZP_TITLE ZP_ATTR\"><\/span>\n\t\t<span class=\"ZP_SHOWIMAGE ZP_ATTR\"><\/span>\n\t\t<span class=\"ZP_SHOWTAGS ZP_ATTR\"><\/span>\n\t\t<span class=\"ZP_DOWNLOADABLE ZP_ATTR\"><\/span>\n\t\t<span class=\"ZP_NOTES ZP_ATTR\"><\/span>\n\t\t<span class=\"ZP_ABSTRACT ZP_ATTR\"><\/span>\n\t\t<span class=\"ZP_CITEABLE ZP_ATTR\"><\/span>\n\t\t<span class=\"ZP_TARGET ZP_ATTR\"><\/span>\n\t\t<span class=\"ZP_URLWRAP ZP_ATTR\"><\/span>\n\t\t<span class=\"ZP_FORCENUM ZP_ATTR\"><\/span>\n        <span class=\"ZP_HIGHLIGHT ZP_ATTR\"><\/span>\n        <span class=\"ZP_POSTID ZP_ATTR\">1733<\/span>\n\t\t<span class=\"ZOTPRESS_PLUGIN_URL ZP_ATTR\">https:\/\/esch-taunus.de\/wp-content\/plugins\/zotpress\/<\/span>\n\n\t\t<div class=\"zp-List loading\">\n\t\t\t<div class=\"zp-SEO-Content\">\n\n\t\t\t<\/div><!-- .zp-zp-SEO-Content -->\n\t\t<\/div><!-- .zp-List -->\n\t<\/div><!--.zp-Zotpress-->\n\n\n","protected":false},"excerpt":{"rendered":"<p>Wilhelm Kalkofen wurde 1889 geboren. Er heiratet seine Frau Lina (*1897 &#8211; +1986) und war nach dem von 1950 bis 1967 Chorleiter der S\u00e4ngervereinigung 1883 Esch e.V.. Sie hatten mindestens eine Tochter, Liselotte (*1919 &#8211; +2009, sp\u00e4ter Osterer). Sein Enkel ist Erhard Osterer, der die Chorleitung von ihm \u00fcbernahm (und sp\u00e4ter den Frauenchor betreute). W\u00e4hrend [&hellip;]<\/p>\n","protected":false},"author":1,"featured_media":0,"comment_status":"open","ping_status":"open","sticky":false,"template":"","format":"standard","meta":{"jetpack_post_was_ever_published":false,"_jetpack_newsletter_access":"","_jetpack_dont_email_post_to_subs":true,"_jetpack_newsletter_tier_id":0,"_jetpack_memberships_contains_paywalled_content":false,"_jetpack_memberships_contains_paid_content":false,"footnotes":"","jetpack_publicize_message":"Wilhelm Kalkofen","jetpack_publicize_feature_enabled":true,"jetpack_social_post_already_shared":true,"jetpack_social_options":{"image_generator_settings":{"template":"highway","default_image_id":0,"font":"","enabled":false},"version":2}},"categories":[6],"tags":[149,155],"class_list":["post-1733","post","type-post","status-publish","format-standard","hentry","category-menschen","tag-kalkofen","tag-osterer"],"jetpack_publicize_connections":[],"jetpack_featured_media_url":"","jetpack_shortlink":"https:\/\/wp.me\/p7PAez-rX","jetpack_sharing_enabled":true,"jetpack_likes_enabled":true,"_links":{"self":[{"href":"https:\/\/esch-taunus.de\/index.php?rest_route=\/wp\/v2\/posts\/1733","targetHints":{"allow":["GET"]}}],"collection":[{"href":"https:\/\/esch-taunus.de\/index.php?rest_route=\/wp\/v2\/posts"}],"about":[{"href":"https:\/\/esch-taunus.de\/index.php?rest_route=\/wp\/v2\/types\/post"}],"author":[{"embeddable":true,"href":"https:\/\/esch-taunus.de\/index.php?rest_route=\/wp\/v2\/users\/1"}],"replies":[{"embeddable":true,"href":"https:\/\/esch-taunus.de\/index.php?rest_route=%2Fwp%2Fv2%2Fcomments&post=1733"}],"version-history":[{"count":3,"href":"https:\/\/esch-taunus.de\/index.php?rest_route=\/wp\/v2\/posts\/1733\/revisions"}],"predecessor-version":[{"id":1739,"href":"https:\/\/esch-taunus.de\/index.php?rest_route=\/wp\/v2\/posts\/1733\/revisions\/1739"}],"wp:attachment":[{"href":"https:\/\/esch-taunus.de\/index.php?rest_route=%2Fwp%2Fv2%2Fmedia&parent=1733"}],"wp:term":[{"taxonomy":"category","embeddable":true,"href":"https:\/\/esch-taunus.de\/index.php?rest_route=%2Fwp%2Fv2%2Fcategories&post=1733"},{"taxonomy":"post_tag","embeddable":true,"href":"https:\/\/esch-taunus.de\/index.php?rest_route=%2Fwp%2Fv2%2Ftags&post=1733"}],"curies":[{"name":"wp","href":"https:\/\/api.w.org\/{rel}","templated":true}]}}