{"id":1708,"date":"2017-01-26T14:04:57","date_gmt":"2017-01-26T13:04:57","guid":{"rendered":"http:\/\/esch-taunus.de\/?p=1708"},"modified":"2017-01-26T14:05:14","modified_gmt":"2017-01-26T13:05:14","slug":"willi-weller","status":"publish","type":"post","link":"https:\/\/esch-taunus.de\/?p=1708","title":{"rendered":"Willi Weller"},"content":{"rendered":"<p style=\"text-align: justify;\">Willi Weller wurde 1903 in Esch geboren. Sein Vater war Fritz Weller, der in Esch Polizist gewesen ist. Er war verheiratet mit Emma Diehl aus Steinfischbach. Die beiden bewohnten das Haus Schwalbacher Stra\u00dfe 25. Willi Weller war 1921 Gr\u00fcndungsmitglied des <a href=\"https:\/\/esch-taunus.de\/?p=27\">Arbeiter-Gesangvereins S\u00e4ngergru\u00df.<\/a>\u00a0Willi Weller nahm am <a href=\"https:\/\/esch-taunus.de\/?p=102\">2. Weltkrieg<\/a> teil und gilt seit dem 18. September 1944 als vermisst. Seine Tochter Elfriede war nach dem Krieg Kinderg\u00e4rtnerin in Esch und leitet den Escher Kindergarten mehrere Jahre. Mit ihrem Mann Karl Fischer, der aus Ostpreu\u00dfen stammte und sp\u00e4ter als Wassermeister in Esch arbeitete, wohne sie in ihrem Elternhaus.<\/p>\n<p style=\"text-align: justify;\">Quellen<\/p>\n<p style=\"text-align: justify;\"><div id=\"zotpress-9f8fda7316641649fe90d2d4dc494871\" class=\"zp-Zotpress zp-Zotpress-Bib wp-block-group\">\n\n\t\t<span class=\"ZP_API_USER_ID ZP_ATTR\">3307718<\/span>\n\t\t<span class=\"ZP_ITEM_KEY ZP_ATTR\">{:U9WWE85I}<\/span>\n\t\t<span class=\"ZP_COLLECTION_ID ZP_ATTR\"><\/span>\n\t\t<span class=\"ZP_TAG_ID ZP_ATTR\"><\/span>\n\t\t<span class=\"ZP_AUTHOR ZP_ATTR\"><\/span>\n\t\t<span class=\"ZP_YEAR ZP_ATTR\"><\/span>\n        <span class=\"ZP_ITEMTYPE ZP_ATTR\"><\/span>\n\t\t<span class=\"ZP_INCLUSIVE ZP_ATTR\">1<\/span>\n\t\t<span class=\"ZP_STYLE ZP_ATTR\">harvard1<\/span>\n\t\t<span class=\"ZP_LIMIT ZP_ATTR\">50<\/span>\n\t\t<span class=\"ZP_SORTBY ZP_ATTR\">default<\/span>\n\t\t<span class=\"ZP_ORDER ZP_ATTR\"><\/span>\n\t\t<span class=\"ZP_TITLE ZP_ATTR\"><\/span>\n\t\t<span class=\"ZP_SHOWIMAGE ZP_ATTR\"><\/span>\n\t\t<span class=\"ZP_SHOWTAGS ZP_ATTR\"><\/span>\n\t\t<span class=\"ZP_DOWNLOADABLE ZP_ATTR\"><\/span>\n\t\t<span class=\"ZP_NOTES ZP_ATTR\"><\/span>\n\t\t<span class=\"ZP_ABSTRACT ZP_ATTR\"><\/span>\n\t\t<span class=\"ZP_CITEABLE ZP_ATTR\"><\/span>\n\t\t<span class=\"ZP_TARGET ZP_ATTR\"><\/span>\n\t\t<span class=\"ZP_URLWRAP ZP_ATTR\"><\/span>\n\t\t<span class=\"ZP_FORCENUM ZP_ATTR\"><\/span>\n        <span class=\"ZP_HIGHLIGHT ZP_ATTR\"><\/span>\n        <span class=\"ZP_POSTID ZP_ATTR\">1708<\/span>\n\t\t<span class=\"ZOTPRESS_PLUGIN_URL ZP_ATTR\">https:\/\/esch-taunus.de\/wp-content\/plugins\/zotpress\/<\/span>\n\n\t\t<div class=\"zp-List loading\">\n\t\t\t<div class=\"zp-SEO-Content\">\n\n\t\t\t<\/div><!-- .zp-zp-SEO-Content -->\n\t\t<\/div><!-- .zp-List -->\n\t<\/div><!--.zp-Zotpress-->\n\n<\/p>\n","protected":false},"excerpt":{"rendered":"<p>Willi Weller wurde 1903 in Esch geboren. Sein Vater war Fritz Weller, der in Esch Polizist gewesen ist. Er war verheiratet mit Emma Diehl aus Steinfischbach. Die beiden bewohnten das Haus Schwalbacher Stra\u00dfe 25. Willi Weller war 1921 Gr\u00fcndungsmitglied des Arbeiter-Gesangvereins S\u00e4ngergru\u00df.\u00a0Willi Weller nahm am 2. Weltkrieg teil und gilt seit dem 18. September 1944 [&hellip;]<\/p>\n","protected":false},"author":1,"featured_media":0,"comment_status":"open","ping_status":"open","sticky":false,"template":"","format":"standard","meta":{"jetpack_post_was_ever_published":false,"_jetpack_newsletter_access":"","_jetpack_dont_email_post_to_subs":true,"_jetpack_newsletter_tier_id":0,"_jetpack_memberships_contains_paywalled_content":false,"_jetpack_memberships_contains_paid_content":false,"footnotes":"","jetpack_publicize_message":"Willi Weller","jetpack_publicize_feature_enabled":true,"jetpack_social_post_already_shared":true,"jetpack_social_options":{"image_generator_settings":{"template":"highway","default_image_id":0,"font":"","enabled":false},"version":2}},"categories":[6],"tags":[50],"class_list":["post-1708","post","type-post","status-publish","format-standard","hentry","category-menschen","tag-weller"],"jetpack_publicize_connections":[],"jetpack_featured_media_url":"","jetpack_shortlink":"https:\/\/wp.me\/p7PAez-ry","jetpack_sharing_enabled":true,"jetpack_likes_enabled":true,"_links":{"self":[{"href":"https:\/\/esch-taunus.de\/index.php?rest_route=\/wp\/v2\/posts\/1708","targetHints":{"allow":["GET"]}}],"collection":[{"href":"https:\/\/esch-taunus.de\/index.php?rest_route=\/wp\/v2\/posts"}],"about":[{"href":"https:\/\/esch-taunus.de\/index.php?rest_route=\/wp\/v2\/types\/post"}],"author":[{"embeddable":true,"href":"https:\/\/esch-taunus.de\/index.php?rest_route=\/wp\/v2\/users\/1"}],"replies":[{"embeddable":true,"href":"https:\/\/esch-taunus.de\/index.php?rest_route=%2Fwp%2Fv2%2Fcomments&post=1708"}],"version-history":[{"count":3,"href":"https:\/\/esch-taunus.de\/index.php?rest_route=\/wp\/v2\/posts\/1708\/revisions"}],"predecessor-version":[{"id":1786,"href":"https:\/\/esch-taunus.de\/index.php?rest_route=\/wp\/v2\/posts\/1708\/revisions\/1786"}],"wp:attachment":[{"href":"https:\/\/esch-taunus.de\/index.php?rest_route=%2Fwp%2Fv2%2Fmedia&parent=1708"}],"wp:term":[{"taxonomy":"category","embeddable":true,"href":"https:\/\/esch-taunus.de\/index.php?rest_route=%2Fwp%2Fv2%2Fcategories&post=1708"},{"taxonomy":"post_tag","embeddable":true,"href":"https:\/\/esch-taunus.de\/index.php?rest_route=%2Fwp%2Fv2%2Ftags&post=1708"}],"curies":[{"name":"wp","href":"https:\/\/api.w.org\/{rel}","templated":true}]}}