{"id":1668,"date":"2016-12-15T16:21:40","date_gmt":"2016-12-15T15:21:40","guid":{"rendered":"http:\/\/esch-taunus.de\/?p=1668"},"modified":"2021-01-06T13:21:43","modified_gmt":"2021-01-06T12:21:43","slug":"schwalbacher-strasse-33","status":"publish","type":"post","link":"https:\/\/esch-taunus.de\/?p=1668","title":{"rendered":"Schwalbacher Stra\u00dfe 33"},"content":{"rendered":"<p style=\"text-align: justify;\">Hier gab es laut Helmut Wald einst eine Gastst\u00e4tte namens &#8222;Zum Lindenwirt&#8220;. Die Bewohner, wohl eine aus Kr\u00f6ftel stammende Familie Sch\u00fctz, sp\u00e4ter wohl Knieling, erwarb sich daher den Hausnamen &#8222;Lennewerts&#8220;. Eine Tochter, Emma, heiratete <a href=\"https:\/\/esch-taunus.de\/?p=1860\">Hermann Lanz<\/a>, dessen Familie in der\u00a0<a href=\"http:\/\/esch-taunus.de\/?page_id=87\">Schulgasse<\/a>\u00a0eine <a href=\"https:\/\/esch-taunus.de\/?p=1856\">M\u00fchle<\/a> besa\u00df und nahm ihren Hausnamen mit. Bis zu ihrem Tod 1983 wurde sie daher Lennewerts-Emma genannt.<\/p>\n<div id=\"attachment_1653\" style=\"width: 635px\" class=\"wp-caption aligncenter\"><a href=\"http:\/\/esch-taunus.de\/?attachment_id=1653\" rel=\"attachment wp-att-1653\"><img loading=\"lazy\" decoding=\"async\" aria-describedby=\"caption-attachment-1653\" class=\"wp-image-1653 size-large\" src=\"http:\/\/esch-taunus.de\/wp-content\/uploads\/2016\/12\/img008-1024x759.jpg\" width=\"625\" height=\"463\" srcset=\"https:\/\/esch-taunus.de\/wp-content\/uploads\/2016\/12\/img008-1024x759.jpg 1024w, https:\/\/esch-taunus.de\/wp-content\/uploads\/2016\/12\/img008-300x222.jpg 300w, https:\/\/esch-taunus.de\/wp-content\/uploads\/2016\/12\/img008-768x569.jpg 768w, https:\/\/esch-taunus.de\/wp-content\/uploads\/2016\/12\/img008-624x463.jpg 624w\" sizes=\"auto, (max-width: 625px) 100vw, 625px\" \/><\/a><p id=\"caption-attachment-1653\" class=\"wp-caption-text\">Anwesen Schwalbacher Str. 33, sp\u00e4ter Diehl, 2. M\u00e4rz 1930. Fotograf Adolf Jung, Esch. Foto von Irmgard Pfeil<\/p><\/div>\n<p style=\"text-align: justify;\">In den 1930er Jahren kauften das Haus Wilhelm Diehl und seine Frau Ella (geb. Frankenbach auch Mauloff). Beide bewohnten es bis zu ihrem Tod Anfang der 1990er Jahre, zeitweise mit ihren Kindern Liselotte (sp\u00e4ter Moll) und Karl-Heinz. Das Haus blieb in der Familie bis zum heutigen Tag und wird von Wilhelm Diehls Enkelin Tatjana bewohnt.<\/p>\n<div id=\"attachment_2230\" style=\"width: 635px\" class=\"wp-caption aligncenter\"><a href=\"https:\/\/esch-taunus.de\/?attachment_id=2230\" rel=\"attachment wp-att-2230\"><img loading=\"lazy\" decoding=\"async\" aria-describedby=\"caption-attachment-2230\" class=\"wp-image-2230 size-large\" src=\"https:\/\/esch-taunus.de\/wp-content\/uploads\/2018\/07\/Seyberth011-1024x685.jpg\" alt=\"\" width=\"625\" height=\"418\" srcset=\"https:\/\/esch-taunus.de\/wp-content\/uploads\/2018\/07\/Seyberth011-1024x685.jpg 1024w, https:\/\/esch-taunus.de\/wp-content\/uploads\/2018\/07\/Seyberth011-300x201.jpg 300w, https:\/\/esch-taunus.de\/wp-content\/uploads\/2018\/07\/Seyberth011-768x514.jpg 768w, https:\/\/esch-taunus.de\/wp-content\/uploads\/2018\/07\/Seyberth011-624x418.jpg 624w\" sizes=\"auto, (max-width: 625px) 100vw, 625px\" \/><\/a><p id=\"caption-attachment-2230\" class=\"wp-caption-text\">Schwalbacher Stra\u00dfe 33 mit Blick auf den Lennebaam, November 1987. Foto: G\u00fcnter Seybert<\/p><\/div>\n<p style=\"text-align: justify;\">Quellen:<\/p>\n<p style=\"text-align: justify;\"><div id=\"zotpress-f2e08233165d8b1e796c3af69ff5a22a\" class=\"zp-Zotpress zp-Zotpress-Bib wp-block-group\">\n\n\t\t<span class=\"ZP_API_USER_ID ZP_ATTR\">3307718<\/span>\n\t\t<span class=\"ZP_ITEM_KEY ZP_ATTR\">{:HIG3HUX7},{:PD6HMXXE}<\/span>\n\t\t<span class=\"ZP_COLLECTION_ID ZP_ATTR\"><\/span>\n\t\t<span class=\"ZP_TAG_ID ZP_ATTR\"><\/span>\n\t\t<span class=\"ZP_AUTHOR ZP_ATTR\"><\/span>\n\t\t<span class=\"ZP_YEAR ZP_ATTR\"><\/span>\n        <span class=\"ZP_ITEMTYPE ZP_ATTR\"><\/span>\n\t\t<span class=\"ZP_INCLUSIVE ZP_ATTR\">1<\/span>\n\t\t<span class=\"ZP_STYLE ZP_ATTR\">harvard1<\/span>\n\t\t<span class=\"ZP_LIMIT ZP_ATTR\">50<\/span>\n\t\t<span class=\"ZP_SORTBY ZP_ATTR\">default<\/span>\n\t\t<span class=\"ZP_ORDER ZP_ATTR\"><\/span>\n\t\t<span class=\"ZP_TITLE ZP_ATTR\"><\/span>\n\t\t<span class=\"ZP_SHOWIMAGE ZP_ATTR\"><\/span>\n\t\t<span class=\"ZP_SHOWTAGS ZP_ATTR\"><\/span>\n\t\t<span class=\"ZP_DOWNLOADABLE ZP_ATTR\"><\/span>\n\t\t<span class=\"ZP_NOTES ZP_ATTR\"><\/span>\n\t\t<span class=\"ZP_ABSTRACT ZP_ATTR\"><\/span>\n\t\t<span class=\"ZP_CITEABLE ZP_ATTR\"><\/span>\n\t\t<span class=\"ZP_TARGET ZP_ATTR\"><\/span>\n\t\t<span class=\"ZP_URLWRAP ZP_ATTR\"><\/span>\n\t\t<span class=\"ZP_FORCENUM ZP_ATTR\"><\/span>\n        <span class=\"ZP_HIGHLIGHT ZP_ATTR\"><\/span>\n        <span class=\"ZP_POSTID ZP_ATTR\">1668<\/span>\n\t\t<span class=\"ZOTPRESS_PLUGIN_URL ZP_ATTR\">https:\/\/esch-taunus.de\/wp-content\/plugins\/zotpress\/<\/span>\n\n\t\t<div class=\"zp-List loading\">\n\t\t\t<div class=\"zp-SEO-Content\">\n\n\t\t\t<\/div><!-- .zp-zp-SEO-Content -->\n\t\t<\/div><!-- .zp-List -->\n\t<\/div><!--.zp-Zotpress-->\n\n<\/p>\n","protected":false},"excerpt":{"rendered":"<p>Hier gab es laut Helmut Wald einst eine Gastst\u00e4tte namens &#8222;Zum Lindenwirt&#8220;. Die Bewohner, wohl eine aus Kr\u00f6ftel stammende Familie Sch\u00fctz, sp\u00e4ter wohl Knieling, erwarb sich daher den Hausnamen &#8222;Lennewerts&#8220;. Eine Tochter, Emma, heiratete Hermann Lanz, dessen Familie in der\u00a0Schulgasse\u00a0eine M\u00fchle besa\u00df und nahm ihren Hausnamen mit. Bis zu ihrem Tod 1983 wurde sie daher [&hellip;]<\/p>\n","protected":false},"author":1,"featured_media":0,"comment_status":"open","ping_status":"open","sticky":false,"template":"","format":"standard","meta":{"jetpack_post_was_ever_published":false,"_jetpack_newsletter_access":"","_jetpack_dont_email_post_to_subs":false,"_jetpack_newsletter_tier_id":0,"_jetpack_memberships_contains_paywalled_content":false,"_jetpack_memberships_contains_paid_content":false,"footnotes":"","jetpack_publicize_message":"Schwalbacher Stra\u00dfe 33","jetpack_publicize_feature_enabled":true,"jetpack_social_post_already_shared":true,"jetpack_social_options":{"image_generator_settings":{"template":"highway","default_image_id":0,"font":"","enabled":false},"version":2}},"categories":[3,200],"tags":[102,29,153],"class_list":["post-1668","post","type-post","status-publish","format-standard","hentry","category-gasthaeuser","category-schwalbacher-strasse","tag-baum","tag-diehl","tag-schuetz"],"jetpack_publicize_connections":[],"jetpack_featured_media_url":"","jetpack_shortlink":"https:\/\/wp.me\/p7PAez-qU","jetpack_sharing_enabled":true,"jetpack_likes_enabled":true,"_links":{"self":[{"href":"https:\/\/esch-taunus.de\/index.php?rest_route=\/wp\/v2\/posts\/1668","targetHints":{"allow":["GET"]}}],"collection":[{"href":"https:\/\/esch-taunus.de\/index.php?rest_route=\/wp\/v2\/posts"}],"about":[{"href":"https:\/\/esch-taunus.de\/index.php?rest_route=\/wp\/v2\/types\/post"}],"author":[{"embeddable":true,"href":"https:\/\/esch-taunus.de\/index.php?rest_route=\/wp\/v2\/users\/1"}],"replies":[{"embeddable":true,"href":"https:\/\/esch-taunus.de\/index.php?rest_route=%2Fwp%2Fv2%2Fcomments&post=1668"}],"version-history":[{"count":5,"href":"https:\/\/esch-taunus.de\/index.php?rest_route=\/wp\/v2\/posts\/1668\/revisions"}],"predecessor-version":[{"id":2325,"href":"https:\/\/esch-taunus.de\/index.php?rest_route=\/wp\/v2\/posts\/1668\/revisions\/2325"}],"wp:attachment":[{"href":"https:\/\/esch-taunus.de\/index.php?rest_route=%2Fwp%2Fv2%2Fmedia&parent=1668"}],"wp:term":[{"taxonomy":"category","embeddable":true,"href":"https:\/\/esch-taunus.de\/index.php?rest_route=%2Fwp%2Fv2%2Fcategories&post=1668"},{"taxonomy":"post_tag","embeddable":true,"href":"https:\/\/esch-taunus.de\/index.php?rest_route=%2Fwp%2Fv2%2Ftags&post=1668"}],"curies":[{"name":"wp","href":"https:\/\/api.w.org\/{rel}","templated":true}]}}