{"id":1455,"date":"2016-11-22T08:52:25","date_gmt":"2016-11-22T07:52:25","guid":{"rendered":"http:\/\/esch-taunus.de\/?p=1455"},"modified":"2021-01-07T13:16:42","modified_gmt":"2021-01-07T12:16:42","slug":"kindergarten","status":"publish","type":"post","link":"https:\/\/esch-taunus.de\/?p=1455","title":{"rendered":"Kindergarten"},"content":{"rendered":"\n<p>Der wohl erste Escher Kindergarten befand sich nach Erz\u00e4hlungen im Haus <a href=\"http:\/\/esch-taunus.de\/?page_id=90\">Kirchgasse<\/a> 8. Dieses Haus wird bei einigen Eschern auch noch &#8222;Alter Kindergarten&#8220; genannt. Nach den Erinnerungen von Stefan Moog befand sich die Toilette noch in einem &#8222;H\u00e4uschen&#8220; auf der anderen Seite des Weges zur Kirche. Einen Spielplatz&nbsp;gab es oberhalb des Pfarrhauses.<\/p>\n\n\n\n<div class=\"wp-block-image\"><figure class=\"aligncenter\"><a href=\"http:\/\/esch-taunus.de\/?attachment_id=1582\" rel=\"attachment wp-att-1582\"><img loading=\"lazy\" decoding=\"async\" width=\"1024\" height=\"642\" src=\"http:\/\/esch-taunus.de\/wp-content\/uploads\/2016\/12\/20161201_185543-e1480621058953-1024x642.jpg\" alt=\"Tauziehen beim Kindergartenfest 1984, im Hintergrund der Kindergarten vor dem letzten Umbau\" class=\"wp-image-1582\" srcset=\"https:\/\/esch-taunus.de\/wp-content\/uploads\/2016\/12\/20161201_185543-e1480621058953-1024x642.jpg 1024w, https:\/\/esch-taunus.de\/wp-content\/uploads\/2016\/12\/20161201_185543-e1480621058953-300x188.jpg 300w, https:\/\/esch-taunus.de\/wp-content\/uploads\/2016\/12\/20161201_185543-e1480621058953-768x482.jpg 768w, https:\/\/esch-taunus.de\/wp-content\/uploads\/2016\/12\/20161201_185543-e1480621058953-624x391.jpg 624w\" sizes=\"auto, (max-width: 1024px) 100vw, 1024px\" \/><\/a><figcaption>Tauziehen beim Kindergartenfest 1984, im Hintergrund der Kindergarten vor dem letzten Umbau. Im Bild Gudrun und Kurt Ermel, Matthias Ott, Carsten Schneider, Peter Sedlak jun., Dorian Schwed<\/figcaption><\/figure><\/div>\n\n\n\n<div class=\"wp-block-image\"><figure class=\"alignright\"><a href=\"http:\/\/esch-taunus.de\/?attachment_id=1581\" rel=\"attachment wp-att-1581\"><img loading=\"lazy\" decoding=\"async\" width=\"196\" height=\"300\" src=\"http:\/\/esch-taunus.de\/wp-content\/uploads\/2016\/12\/20161201_185613-e1480620775112-196x300.jpg\" alt=\"Kindergartenfest 1984, Dosenlaufen. Im Bild Gerhard Ott und Christine Schwed\" class=\"wp-image-1581\" srcset=\"https:\/\/esch-taunus.de\/wp-content\/uploads\/2016\/12\/20161201_185613-e1480620775112-196x300.jpg 196w, https:\/\/esch-taunus.de\/wp-content\/uploads\/2016\/12\/20161201_185613-e1480620775112-768x1175.jpg 768w, https:\/\/esch-taunus.de\/wp-content\/uploads\/2016\/12\/20161201_185613-e1480620775112-669x1024.jpg 669w, https:\/\/esch-taunus.de\/wp-content\/uploads\/2016\/12\/20161201_185613-e1480620775112-624x955.jpg 624w, https:\/\/esch-taunus.de\/wp-content\/uploads\/2016\/12\/20161201_185613-e1480620775112.jpg 1652w\" sizes=\"auto, (max-width: 196px) 100vw, 196px\" \/><\/a><figcaption>Kindergartenfest 1984, Dosenlaufen. Im Bild Gerhard Ott und Christine Schwed<\/figcaption><\/figure><\/div>\n\n\n\n<p>Etwa 1962\/1963&nbsp;wurde in der Flur &#8222;Kautwies&#8220;, dem heutigen <a href=\"http:\/\/esch-taunus.de\/?page_id=1450\">Turnhallenweg,<\/a> ein neues Geb\u00e4ude eigens f\u00fcr den Kindergarten gebaut. Auch ein eigener Kindergartenspielplatz entstand, das Areal war dabei bei weitem gr\u00f6\u00dfer als es tats\u00e4chlich h\u00e4tte sein m\u00fcssen. Dieser Kindergarten wurde bis 2001 genutzt und hatte zuletzt R\u00e4ume f\u00fcr zwei Gruppen sowie eine \u00fcberdachte Au\u00dfenterasse, ein B\u00fcro im ehemaligen Eingang vom Turnhallenweg her und einen Flur der es erm\u00f6glichte, die beiden Gruppen separat zu erreiche. Zuvor gab es nur einen gro\u00dfen Raum, der durch eine Faltwand getrennt werden konnte.<\/p>\n\n\n\n<p>Bis in die 1980er \/ 1990er Jahre wurden die Kinderg\u00e4rtnerinnen in Esch meist &#8222;Tante&#8220; genannt &#8211; den meisten bekannt sein d\u00fcrften sicher Tante Elfriede (Elfriede Fischer, Leiterin des alten Kindergartens in der Kirchgasse und Anfangs auch im neuen Kindergarten in der Kautwiese), Tante Rosel (Rosel Werner, sp\u00e4ter in Bermbach t\u00e4tig), Tante Christel (Christel Diehl bzw. &#8222;Klappers Christel&#8220;) und Tante Helga (Helga Paul &#8211; Leiterin bis zu ihrem Ruhestand).<\/p>\n\n\n\n<div class=\"wp-block-image\"><figure class=\"alignleft\"><a href=\"http:\/\/esch-taunus.de\/?attachment_id=1199\"><img loading=\"lazy\" decoding=\"async\" width=\"300\" height=\"200\" src=\"http:\/\/esch-taunus.de\/wp-content\/uploads\/2016\/09\/Kindergarten-300x200.jpg\" alt=\"Kindergarten Esch, 2016\" class=\"wp-image-1199\" srcset=\"https:\/\/esch-taunus.de\/wp-content\/uploads\/2016\/09\/Kindergarten-300x200.jpg 300w, https:\/\/esch-taunus.de\/wp-content\/uploads\/2016\/09\/Kindergarten-768x512.jpg 768w, https:\/\/esch-taunus.de\/wp-content\/uploads\/2016\/09\/Kindergarten-1024x683.jpg 1024w, https:\/\/esch-taunus.de\/wp-content\/uploads\/2016\/09\/Kindergarten-624x416.jpg 624w, https:\/\/esch-taunus.de\/wp-content\/uploads\/2016\/09\/Kindergarten.jpg 1944w\" sizes=\"auto, (max-width: 300px) 100vw, 300px\" \/><\/a><figcaption>Kindergarten Esch, 2016<\/figcaption><\/figure><\/div>\n\n\n\n<p>2001 wurde der neue Kindergarten mit zwei Gruppen (Drachen- und Katzengruppe) neben dem <a href=\"http:\/\/esch-taunus.de\/?p=595\">Dorfgemeinschaftshaus<\/a> in Betrieb genommen. Seit 2007 ist er eine Kindertagesst\u00e4tte und es ist dort ein Mittagessen f\u00fcr die Kinder erh\u00e4ltlich. 2017 wurde f\u00fcr 320.000,00 \u20ac eine dritte Gruppe angebaut, die als Krippengruppe mit dem Namen &#8222;Igelgruppe&#8220; ausgef\u00fchrt wurde. Daher gibt es nun auch neben dem bereits vorhandenen Bewegungsraum einen Schlafraum. Es k\u00f6nnen mehr als 60 Kinder die Einrichtung besuchen.<\/p>\n\n\n\n<p>Im Jahr 2020 wurde der Kindergarten aufgrund der Corona-Pandemie ab dem 16. M\u00e4rz geschlossen und konnte erst nach und nach bis Anfang Juni den Regelbetrieb wirder aufnehmen. Mit steigenden Infektionszahlen im Winter 2020\/2021 erging erneut die Empfehlung der Landesregierung, die Kinder m\u00f6glichst zuhause zu betreuen. Eine erneute Schlie\u00dfung erfolgte aber nicht.<\/p>\n\n\n\n<p>Quellen:<\/p>\n\n\n<div id=\"zotpress-33784ef3b4c2e0a5e3babb671e904ec4\" class=\"zp-Zotpress zp-Zotpress-Bib wp-block-group\">\n\n\t\t<span class=\"ZP_API_USER_ID ZP_ATTR\">3307718<\/span>\n\t\t<span class=\"ZP_ITEM_KEY ZP_ATTR\">{3307718:UNZ7VRTB},{3307718:JX85U8ZW}<\/span>\n\t\t<span class=\"ZP_COLLECTION_ID ZP_ATTR\"><\/span>\n\t\t<span class=\"ZP_TAG_ID ZP_ATTR\"><\/span>\n\t\t<span class=\"ZP_AUTHOR ZP_ATTR\"><\/span>\n\t\t<span class=\"ZP_YEAR ZP_ATTR\"><\/span>\n        <span class=\"ZP_ITEMTYPE ZP_ATTR\"><\/span>\n\t\t<span class=\"ZP_INCLUSIVE ZP_ATTR\">1<\/span>\n\t\t<span class=\"ZP_STYLE ZP_ATTR\">harvard1<\/span>\n\t\t<span class=\"ZP_LIMIT ZP_ATTR\">50<\/span>\n\t\t<span class=\"ZP_SORTBY ZP_ATTR\">default<\/span>\n\t\t<span class=\"ZP_ORDER ZP_ATTR\"><\/span>\n\t\t<span class=\"ZP_TITLE ZP_ATTR\"><\/span>\n\t\t<span class=\"ZP_SHOWIMAGE ZP_ATTR\"><\/span>\n\t\t<span class=\"ZP_SHOWTAGS ZP_ATTR\"><\/span>\n\t\t<span class=\"ZP_DOWNLOADABLE ZP_ATTR\"><\/span>\n\t\t<span class=\"ZP_NOTES ZP_ATTR\"><\/span>\n\t\t<span class=\"ZP_ABSTRACT ZP_ATTR\"><\/span>\n\t\t<span class=\"ZP_CITEABLE ZP_ATTR\"><\/span>\n\t\t<span class=\"ZP_TARGET ZP_ATTR\"><\/span>\n\t\t<span class=\"ZP_URLWRAP ZP_ATTR\"><\/span>\n\t\t<span class=\"ZP_FORCENUM ZP_ATTR\"><\/span>\n        <span class=\"ZP_HIGHLIGHT ZP_ATTR\"><\/span>\n        <span class=\"ZP_POSTID ZP_ATTR\">1455<\/span>\n\t\t<span class=\"ZOTPRESS_PLUGIN_URL ZP_ATTR\">https:\/\/esch-taunus.de\/wp-content\/plugins\/zotpress\/<\/span>\n\n\t\t<div class=\"zp-List loading\">\n\t\t\t<div class=\"zp-SEO-Content\">\n\t\t\t\t<span class=\"ZP_JSON ZP_ATTR\">%7B%22status%22%3A%22success%22%2C%22updateneeded%22%3Afalse%2C%22instance%22%3Afalse%2C%22meta%22%3A%7B%22request_last%22%3A0%2C%22request_next%22%3A0%2C%22used_cache%22%3Atrue%7D%2C%22data%22%3A%5B%7B%22key%22%3A%22JX85U8ZW%22%2C%22library%22%3A%7B%22id%22%3A3307718%7D%2C%22meta%22%3A%7B%22creatorSummary%22%3A%22Kreisausschu%5Cu00df%20des%20Rheingau-Taunus-Kreises%22%2C%22parsedDate%22%3A%222018%22%2C%22numChildren%22%3A1%7D%2C%22bib%22%3A%22%26lt%3Bdiv%20class%3D%26quot%3Bcsl-bib-body%26quot%3B%20style%3D%26quot%3Bline-height%3A%201.35%3B%20%26quot%3B%26gt%3B%5Cn%20%20%26lt%3Bdiv%20class%3D%26quot%3Bcsl-entry%26quot%3B%26gt%3B%26lt%3Bi%26gt%3BJahrbuch%20Rheingau-Taunus-Kreis%26lt%3B%5C%2Fi%26gt%3B%20%282018%29.%26lt%3B%5C%2Fdiv%26gt%3B%5Cn%26lt%3B%5C%2Fdiv%26gt%3B%22%2C%22data%22%3A%7B%22itemType%22%3A%22book%22%2C%22title%22%3A%22Jahrbuch%20Rheingau-Taunus-Kreis%22%2C%22creators%22%3A%5B%7B%22creatorType%22%3A%22contributor%22%2C%22name%22%3A%22Kreisausschu%5Cu00df%20des%20Rheingau-Taunus-Kreises%22%7D%5D%2C%22abstractNote%22%3A%22%22%2C%22date%22%3A%222018%22%2C%22language%22%3A%22%22%2C%22ISBN%22%3A%22%22%2C%22url%22%3A%22%22%2C%22collections%22%3A%5B%22JK8NAIU9%22%5D%2C%22dateModified%22%3A%222021-01-04T14%3A59%3A04Z%22%7D%7D%2C%7B%22key%22%3A%22UNZ7VRTB%22%2C%22library%22%3A%7B%22id%22%3A3307718%7D%2C%22meta%22%3A%7B%22creatorSummary%22%3A%22Gemeinde%20Waldems%22%2C%22numChildren%22%3A0%7D%2C%22bib%22%3A%22%26lt%3Bdiv%20class%3D%26quot%3Bcsl-bib-body%26quot%3B%20style%3D%26quot%3Bline-height%3A%201.35%3B%20%26quot%3B%26gt%3B%5Cn%20%20%26lt%3Bdiv%20class%3D%26quot%3Bcsl-entry%26quot%3B%26gt%3BGemeinde%20Waldems%20%28no%20date%29%20%26%23x2018%3BKindertagesst%26%23xE4%3Btte%20Esch%26%23x2019%3B.%20Available%20at%3A%20%26lt%3Ba%20class%3D%26%23039%3Bzp-ItemURL%26%23039%3B%20href%3D%26%23039%3Bhttp%3A%5C%2F%5C%2Fwww.gemeinde-waldems.de%5C%2Fuserdata%5C%2Ffiles%5C%2Fdokumente%5C%2FFlyer_Kiga_Esch.pdf%26%23039%3B%26gt%3Bhttp%3A%5C%2F%5C%2Fwww.gemeinde-waldems.de%5C%2Fuserdata%5C%2Ffiles%5C%2Fdokumente%5C%2FFlyer_Kiga_Esch.pdf%26lt%3B%5C%2Fa%26gt%3B.%26lt%3B%5C%2Fdiv%26gt%3B%5Cn%26lt%3B%5C%2Fdiv%26gt%3B%22%2C%22data%22%3A%7B%22itemType%22%3A%22manuscript%22%2C%22title%22%3A%22Kindertagesst%5Cu00e4tte%20Esch%22%2C%22creators%22%3A%5B%7B%22creatorType%22%3A%22author%22%2C%22name%22%3A%22Gemeinde%20Waldems%22%7D%5D%2C%22abstractNote%22%3A%22%22%2C%22manuscriptType%22%3A%22%22%2C%22date%22%3A%22%22%2C%22language%22%3A%22%22%2C%22url%22%3A%22http%3A%5C%2F%5C%2Fwww.gemeinde-waldems.de%5C%2Fuserdata%5C%2Ffiles%5C%2Fdokumente%5C%2FFlyer_Kiga_Esch.pdf%22%2C%22collections%22%3A%5B%5D%2C%22dateModified%22%3A%222016-11-22T08%3A51%3A04Z%22%7D%7D%5D%7D<\/span>\n\n\t\t\t\t<div id=\"zp-ID-1455-3307718-JX85U8ZW\" data-zp-author-date='Kreisausschu\u00df-des-Rheingau-Taunus-Kreises-2018' data-zp-date-author='2018-Kreisausschu\u00df-des-Rheingau-Taunus-Kreises' data-zp-date='2018' data-zp-year='2018' data-zp-itemtype='book' class=\"zp-Entry zpSearchResultsItem\">\n<div class=\"csl-bib-body\" style=\"line-height: 1.35; \">\n  <div class=\"csl-entry\"><i>Jahrbuch Rheingau-Taunus-Kreis<\/i> (2018).<\/div>\n<\/div>\n\t\t\t\t<\/div><!-- .zp-Entry .zpSearchResultsItem -->\t\t\t\t<div id=\"zp-ID-1455-3307718-UNZ7VRTB\" data-zp-author-date='Gemeinde-Waldems-0000-00-00' data-zp-date-author='0000-00-00-Gemeinde-Waldems' data-zp-date='0000-00-00' data-zp-year='0000' data-zp-itemtype='manuscript' class=\"zp-Entry zpSearchResultsItem\">\n<div class=\"csl-bib-body\" style=\"line-height: 1.35; \">\n  <div class=\"csl-entry\">Gemeinde Waldems (no date) \u2018Kindertagesst\u00e4tte Esch\u2019. Available at: <a class='zp-ItemURL' href='http:\/\/www.gemeinde-waldems.de\/userdata\/files\/dokumente\/Flyer_Kiga_Esch.pdf'>http:\/\/www.gemeinde-waldems.de\/userdata\/files\/dokumente\/Flyer_Kiga_Esch.pdf<\/a>.<\/div>\n<\/div>\n\t\t\t\t<\/div><!-- .zp-Entry .zpSearchResultsItem -->\n\t\t\t<\/div><!-- .zp-zp-SEO-Content -->\n\t\t<\/div><!-- .zp-List -->\n\t<\/div><!--.zp-Zotpress-->\n\n\n","protected":false},"excerpt":{"rendered":"<p>Der wohl erste Escher Kindergarten befand sich nach Erz\u00e4hlungen im Haus Kirchgasse 8. Dieses Haus wird bei einigen Eschern auch noch &#8222;Alter Kindergarten&#8220; genannt. Nach den Erinnerungen von Stefan Moog befand sich die Toilette noch in einem &#8222;H\u00e4uschen&#8220; auf der anderen Seite des Weges zur Kirche. Einen Spielplatz&nbsp;gab es oberhalb des Pfarrhauses. Etwa 1962\/1963&nbsp;wurde in [&hellip;]<\/p>\n","protected":false},"author":1,"featured_media":0,"comment_status":"open","ping_status":"open","sticky":false,"template":"","format":"standard","meta":{"jetpack_post_was_ever_published":false,"_jetpack_newsletter_access":"","_jetpack_dont_email_post_to_subs":true,"_jetpack_newsletter_tier_id":0,"_jetpack_memberships_contains_paywalled_content":false,"_jetpack_memberships_contains_paid_content":false,"footnotes":"","jetpack_publicize_message":"","jetpack_publicize_feature_enabled":true,"jetpack_social_post_already_shared":true,"jetpack_social_options":{"image_generator_settings":{"template":"highway","default_image_id":0,"font":"","enabled":false},"version":2}},"categories":[212],"tags":[29,145,80,68],"class_list":["post-1455","post","type-post","status-publish","format-standard","hentry","category-turnhallenweg","tag-diehl","tag-fischer","tag-paul","tag-werner"],"jetpack_publicize_connections":[],"jetpack_featured_media_url":"","jetpack_shortlink":"https:\/\/wp.me\/p7PAez-nt","jetpack_sharing_enabled":true,"jetpack_likes_enabled":true,"_links":{"self":[{"href":"https:\/\/esch-taunus.de\/index.php?rest_route=\/wp\/v2\/posts\/1455","targetHints":{"allow":["GET"]}}],"collection":[{"href":"https:\/\/esch-taunus.de\/index.php?rest_route=\/wp\/v2\/posts"}],"about":[{"href":"https:\/\/esch-taunus.de\/index.php?rest_route=\/wp\/v2\/types\/post"}],"author":[{"embeddable":true,"href":"https:\/\/esch-taunus.de\/index.php?rest_route=\/wp\/v2\/users\/1"}],"replies":[{"embeddable":true,"href":"https:\/\/esch-taunus.de\/index.php?rest_route=%2Fwp%2Fv2%2Fcomments&post=1455"}],"version-history":[{"count":10,"href":"https:\/\/esch-taunus.de\/index.php?rest_route=\/wp\/v2\/posts\/1455\/revisions"}],"predecessor-version":[{"id":2651,"href":"https:\/\/esch-taunus.de\/index.php?rest_route=\/wp\/v2\/posts\/1455\/revisions\/2651"}],"wp:attachment":[{"href":"https:\/\/esch-taunus.de\/index.php?rest_route=%2Fwp%2Fv2%2Fmedia&parent=1455"}],"wp:term":[{"taxonomy":"category","embeddable":true,"href":"https:\/\/esch-taunus.de\/index.php?rest_route=%2Fwp%2Fv2%2Fcategories&post=1455"},{"taxonomy":"post_tag","embeddable":true,"href":"https:\/\/esch-taunus.de\/index.php?rest_route=%2Fwp%2Fv2%2Ftags&post=1455"}],"curies":[{"name":"wp","href":"https:\/\/api.w.org\/{rel}","templated":true}]}}