{"id":113,"date":"2016-08-22T07:14:50","date_gmt":"2016-08-22T07:14:50","guid":{"rendered":"http:\/\/esch-taunus.de\/?p=113"},"modified":"2021-01-08T17:36:46","modified_gmt":"2021-01-08T16:36:46","slug":"dreissigjaehriger-krieg","status":"publish","type":"post","link":"https:\/\/esch-taunus.de\/?p=113","title":{"rendered":"Drei\u00dfigj\u00e4hriger Krieg"},"content":{"rendered":"\n<div class=\"wp-block-columns is-layout-flex wp-container-core-columns-is-layout-9d6595d7 wp-block-columns-is-layout-flex\">\n<div class=\"wp-block-column is-layout-flow wp-block-column-is-layout-flow\" style=\"flex-basis:100%\">\n<div class=\"wp-block-image\"><figure class=\"alignleft\"><a href=\"http:\/\/esch-taunus.de\/wp-content\/uploads\/2016\/11\/512px-Hans_Ulrich_Franck_Der_geharnischte_Reiter.jpg\"><img loading=\"lazy\" decoding=\"async\" width=\"300\" height=\"242\" src=\"http:\/\/esch-taunus.de\/wp-content\/uploads\/2016\/11\/512px-Hans_Ulrich_Franck_Der_geharnischte_Reiter-300x242.jpg\" alt=\"&quot;Der geharnischte Reiter&quot; von Hans Ulrich Franck ([1]) [Public domain], via Wikimedia Commons - Ein Reiter mit R\u00fcstung verfolgt im Drei\u00dfigj\u00e4hrigen Krieg fl\u00fcchtende Bewohner, nachdem deren Dorf ausgepl\u00fcndert worden war.\" class=\"wp-image-1407\" srcset=\"https:\/\/esch-taunus.de\/wp-content\/uploads\/2016\/11\/512px-Hans_Ulrich_Franck_Der_geharnischte_Reiter-300x242.jpg 300w, https:\/\/esch-taunus.de\/wp-content\/uploads\/2016\/11\/512px-Hans_Ulrich_Franck_Der_geharnischte_Reiter.jpg 512w\" sizes=\"auto, (max-width: 300px) 100vw, 300px\" \/><\/a><figcaption>&#8222;Der geharnischte Reiter&#8220; von Hans Ulrich Franck ([1]) [Public domain], via Wikimedia Commons &#8211; Ein Reiter mit R\u00fcstung verfolgt im Drei\u00dfigj\u00e4hrigen Krieg fl\u00fcchtende Bewohner, nachdem deren Dorf ausgepl\u00fcndert worden war.<\/figcaption><\/figure><\/div>\n\n\n\n<p>Im Jahr 1618 begann eine Leidenszeit f\u00fcr die Escher, die beinahe zum Aussterben des Ortes gef\u00fchrt h\u00e4tte. Viele H\u00e4user wurden zertst\u00f6rt, zahlreiche Einwohner starben oder fl\u00fcchteten. Am Ende stand Esch beinahe als ein verlassenes Dorf dar. Ab 1620 zogen abwechselnde Heerscharen durch den Taunus, nahmen Quartier und Essen von den Einwohnern, teils auch die Tiere und die Vorr\u00e4te, so dass schwere Hungersn\u00f6te die Folge waren. Gewalttaten waren dabei ebenfalls nicht selten. So zogen Spanier, Wallonen und viele andere hindurch, lagen \u00fcber Winter und teils auch im Sommer in den Orten und mussten versorgt werden.&nbsp;Von vorher 42 H\u00e4usern waren 1630 nur noch 25 bewohnt.<\/p>\n<\/div>\n<\/div>\n\n\n\n<p>Im Schwedischen Krieg 1630 bis 1635 kam es erneut zu Einquartierungen. 1931 lagen die Schweden in Esch, benahmen sich zwar einigerma\u00dfen, blieben dem Wirt Alexander Himmel aber einen gro\u00dfen Betrag f\u00fcr Essen, Wein und Hafer Schuldig.&nbsp; 1633 berichtete der Pfarrer Br\u00fchl, dass er aufgrund der unsicher gewordenen <a href=\"https:\/\/esch-taunus.de\/?p=2540\" data-type=\"post\" data-id=\"2540\">Stra\u00dfen<\/a> nur noch mit einer Leibwache zum Dienst in die Filiale Reinborn gehen k\u00f6nne.<\/p>\n\n\n\n<p>1634 wurden die Schweden bei N\u00f6rdlingen schwer geschlagen. Sie zogen sich \u00fcber Frankfurt in das \u00f6stliche Taunusgebiet zur\u00fcck. Ihnen folgten Truppen von Ferdinand von Spanien, und wie der Escher Schultheis Andreas Ortmann zu Protokoll gibt, wurde damals das Dorf beinahe ganz einge\u00e4schert. Dabei w\u00e4ren nur wenige Leute am Leben geblieben, weshalb die Felder verwilderten. So seien diejenigen, die nicht an der Pest gestorben sind letztlich vom Hunger hinfort getrieben worden. Der Pfarrer Plebanus berichtet, dass er am 20. Oktober 1636 den Pfarrherren von Strinz Magareth\u00e4 zu grabe geleitet h\u00e4tte.<\/p>\n\n\n\n<blockquote class=\"wp-block-quote is-style-default is-layout-flow wp-block-quote-is-layout-flow\"><p>Nun ist in der ganzen Idsteiner Gegend kein Pfarrer mehr au\u00dfer mir. Auch in Kettenbach. Michelbach, D\u00f6rsdorf, Rettert, Miehlen,Wlterod, Strinz Trinitatis, Strin Magareth\u00e4. Breithardt, Bleidenstadt, Wehen, Bechtheim, auroff, W\u00f6rsdorf, Esch und Walsdorf fehlen die Geistlichen.<\/p><cite>Tagebuch des Pfarrers Plebanus aus dem 30j\u00e4hr. Krieg, in Land Nassau, 1926<\/cite><\/blockquote>\n\n\n\n<p>Erschwerend kam hinzu, dass der protestantische Graf Johannes von Nassau-Idstein in der folge von den katholischen Gewinnern des Krieges vertrieben wurde und so de facto keine funktionsf\u00e4hige Regierung mehr bestand, die den Aufbau h\u00e4tte koordinieren k\u00f6nnen.\u00a0Das spiegelt sich auch in den Einwohnerzahlen wieder. W\u00e4hrend 1630 noch etwa 115 Einwohner in Esch vorhanden waren wohnen dort 1648 nur noch 6 Familien vorhanden. Der Wiederaufbau und die R\u00fcckbesiedlung des Ortes dauerte lange und wurde zeitweise durch erneute Kriege behindert. 1646 durfte Graf Johannes zur\u00fcckkehren, womit sich erstmals wieder eine Art von zentraler Regierung einstellte. Ab 1650 k\u00fcmmerte sich der Walsdorfer Pfarrer R\u00fcger zumindest zeitweise mit um die Pfarrei, bis 1665 wieder einen <a href=\"http:\/\/esch-taunus.de\/?p=346\">Pfarrer<\/a>, sein Sohn <a href=\"http:\/\/esch-taunus.de\/?p=870\">Johann Conrad R\u00fcger,<\/a> fest nach Esch zog.\u00a0Dort konnte er\u00a0aber aufgrund der geringen Einwohnerzahl zun\u00e4chst nicht von den Eink\u00fcnften der Pfarrei leben und betrieb eine umfangreiche Landwirtschaft. Langsam richtete sich die Bev\u00f6lkerung wieder auf, auch durch den Zuzug von Fl\u00fcchtlingen aus anderen Teilen des Landes. Eine Geschichte aus dieser Zeit ist &#8222;<a href=\"https:\/\/esch-taunus.de\/?p=1755\">Eine schlimme Wolfsjagd<\/a>&#8222;, die aus Aufzeichnungen des Pfarrers R\u00fcger Senior\u00a0resultiert.<\/p>\n\n\n\n<p>Die Kriege Ludiwgs des XIV. brachten&nbsp;in der Folge&nbsp;weitere Schwierigkeiten, so lagen in den 1670er und 1680er Jahren wiederum Winter f\u00fcr Winter Soldaten in den D\u00f6rfern. Dazu kamen Durchm\u00e4rsche verschiedener Armeen. 1688 lagen die Truppen des Grafen von der Lippe in Esch und an die Franzosen,&nbsp;die in Mainz&nbsp;lagen, mussten Kontributionen abgegeben werden und Fuhrdienste geleistet werden. Viele Escher Bauern&nbsp;schafften es in der Folge nicht mehr, ihre Felder zu bestellen, und verdingten sich mit Fuhr- und Vorspanndiensten auf der&nbsp;<a href=\"https:\/\/esch-taunus.de\/?page_id=9\">Frankfurter Stra\u00dfe.<\/a>&nbsp;Dennoch gab es 1691 wieder 20 Hofreiten und Untertanen, die im Sch\u00e4tzungsregister genannt werden. Darunter finden sich bereits einige Namen, die sich in der in oder anderen Form bis&nbsp;ins 20. Jahrhundert&nbsp;in Esch erhalten haben, so z.B.: <a href=\"https:\/\/esch-taunus.de\/?p=666\">Hirtes<\/a>, Engel, Baum&nbsp;und Stamm. Conrad Pfeiffer war seinerzeit der Schulthei\u00df.<\/p>\n\n\n\n<p>Erst 1722 wurde mit 47 Hausst\u00e4nden wieder das Vorkriegsniveau verzeichnet. Ob gegebenenfalls der Untergang des D\u00f6rfchens <a href=\"http:\/\/esch-taunus.de\/?p=131\">Harbach<\/a> mit dem Verlauf des Krieges in Zusammenhang steht ist historisch nicht belegt, in manchen Publikationen aber so aufgef\u00fchrt. Fest steht aber anhand arch\u00e4ologischer Funde, dass es nicht viel l\u00e4nger existiert hat, und der Untergang ganzer D\u00f6rfer im Zuge des Krieges ist andernorts durchaus belegt. F\u00fcr Esch d\u00fcrfte der 30j\u00e4hrige Krieg eine der gr\u00f6\u00dften Z\u00e4suren gewesen sein &#8211; viele der urspr\u00fcnglichen Einwohner hatten ihn nicht \u00fcberlebt oder waren gefl\u00fcchtet,&nbsp;Fl\u00fcchtlinge aus anderen Teilen des Landes kamen hinzu und legten schlussendlich den Grundstein f\u00fcr die Entwicklung des Ortes bis heute.<\/p>\n\n\n\n<p>Quellen:<\/p>\n\n\n<div id=\"zotpress-fa6ce591f2c4fbf06a1c3412ce94d404\" class=\"zp-Zotpress zp-Zotpress-Bib wp-block-group\">\n\n\t\t<span class=\"ZP_API_USER_ID ZP_ATTR\">3307718<\/span>\n\t\t<span class=\"ZP_ITEM_KEY ZP_ATTR\">{3307718:WSZMZSXU},{3307718:TQSKWGGJ},{3307718:GF5FDHEP},{3307718:FHZW39TN}<\/span>\n\t\t<span class=\"ZP_COLLECTION_ID ZP_ATTR\"><\/span>\n\t\t<span class=\"ZP_TAG_ID ZP_ATTR\"><\/span>\n\t\t<span class=\"ZP_AUTHOR ZP_ATTR\"><\/span>\n\t\t<span class=\"ZP_YEAR ZP_ATTR\"><\/span>\n        <span class=\"ZP_ITEMTYPE ZP_ATTR\"><\/span>\n\t\t<span class=\"ZP_INCLUSIVE ZP_ATTR\">1<\/span>\n\t\t<span class=\"ZP_STYLE ZP_ATTR\">harvard1<\/span>\n\t\t<span class=\"ZP_LIMIT ZP_ATTR\">50<\/span>\n\t\t<span class=\"ZP_SORTBY ZP_ATTR\">default<\/span>\n\t\t<span class=\"ZP_ORDER ZP_ATTR\"><\/span>\n\t\t<span class=\"ZP_TITLE ZP_ATTR\"><\/span>\n\t\t<span class=\"ZP_SHOWIMAGE ZP_ATTR\"><\/span>\n\t\t<span class=\"ZP_SHOWTAGS ZP_ATTR\"><\/span>\n\t\t<span class=\"ZP_DOWNLOADABLE ZP_ATTR\"><\/span>\n\t\t<span class=\"ZP_NOTES ZP_ATTR\"><\/span>\n\t\t<span class=\"ZP_ABSTRACT ZP_ATTR\"><\/span>\n\t\t<span class=\"ZP_CITEABLE ZP_ATTR\"><\/span>\n\t\t<span class=\"ZP_TARGET ZP_ATTR\"><\/span>\n\t\t<span class=\"ZP_URLWRAP ZP_ATTR\"><\/span>\n\t\t<span class=\"ZP_FORCENUM ZP_ATTR\"><\/span>\n        <span class=\"ZP_HIGHLIGHT ZP_ATTR\"><\/span>\n        <span class=\"ZP_POSTID ZP_ATTR\">113<\/span>\n\t\t<span class=\"ZOTPRESS_PLUGIN_URL ZP_ATTR\">https:\/\/esch-taunus.de\/wp-content\/plugins\/zotpress\/<\/span>\n\n\t\t<div class=\"zp-List loading\">\n\t\t\t<div class=\"zp-SEO-Content\">\n\t\t\t\t<span class=\"ZP_JSON ZP_ATTR\">%7B%22status%22%3A%22success%22%2C%22updateneeded%22%3Afalse%2C%22instance%22%3Afalse%2C%22meta%22%3A%7B%22request_last%22%3A0%2C%22request_next%22%3A0%2C%22used_cache%22%3Atrue%7D%2C%22data%22%3A%5B%7B%22key%22%3A%22FHZW39TN%22%2C%22library%22%3A%7B%22id%22%3A3307718%7D%2C%22meta%22%3A%7B%22creatorSummary%22%3A%22Sternberg%22%2C%22parsedDate%22%3A%221926%22%2C%22numChildren%22%3A1%7D%2C%22bib%22%3A%22%26lt%3Bdiv%20class%3D%26quot%3Bcsl-bib-body%26quot%3B%20style%3D%26quot%3Bline-height%3A%201.35%3B%20%26quot%3B%26gt%3B%5Cn%20%20%26lt%3Bdiv%20class%3D%26quot%3Bcsl-entry%26quot%3B%26gt%3BSternberg%2C%20L.%20%281926%29%20%26lt%3Bi%26gt%3BLand%20Nassau%26lt%3B%5C%2Fi%26gt%3B.%20Leipzig%20%28Brandstetters%20Heimatb%26%23xFC%3Bcher%20Deutscher%20Landschaften%2C%2026%29.%26lt%3B%5C%2Fdiv%26gt%3B%5Cn%26lt%3B%5C%2Fdiv%26gt%3B%22%2C%22data%22%3A%7B%22itemType%22%3A%22book%22%2C%22title%22%3A%22Land%20Nassau%22%2C%22creators%22%3A%5B%7B%22creatorType%22%3A%22author%22%2C%22firstName%22%3A%22Leo%22%2C%22lastName%22%3A%22Sternberg%22%7D%5D%2C%22abstractNote%22%3A%22%22%2C%22date%22%3A%221926%22%2C%22language%22%3A%22%22%2C%22ISBN%22%3A%22%22%2C%22url%22%3A%22%22%2C%22collections%22%3A%5B%2228V5DJFH%22%5D%2C%22dateModified%22%3A%222021-01-08T16%3A23%3A19Z%22%7D%7D%2C%7B%22key%22%3A%22WSZMZSXU%22%2C%22library%22%3A%7B%22id%22%3A3307718%7D%2C%22meta%22%3A%7B%22creatorSummary%22%3A%22Kreisausschu%5Cu00df%20des%20Rheingau-Taunus-Kreises%22%2C%22parsedDate%22%3A%221988%22%2C%22numChildren%22%3A2%7D%2C%22bib%22%3A%22%26lt%3Bdiv%20class%3D%26quot%3Bcsl-bib-body%26quot%3B%20style%3D%26quot%3Bline-height%3A%201.35%3B%20%26quot%3B%26gt%3B%5Cn%20%20%26lt%3Bdiv%20class%3D%26quot%3Bcsl-entry%26quot%3B%26gt%3BKreisausschu%26%23xDF%3B%20des%20Rheingau-Taunus-Kreises%20%281988%29%20%26lt%3Bi%26gt%3BJahrbuch%20Rheingau-Taunus-Kreis%26lt%3B%5C%2Fi%26gt%3B.%26lt%3B%5C%2Fdiv%26gt%3B%5Cn%26lt%3B%5C%2Fdiv%26gt%3B%22%2C%22data%22%3A%7B%22itemType%22%3A%22book%22%2C%22title%22%3A%22Jahrbuch%20Rheingau-Taunus-Kreis%22%2C%22creators%22%3A%5B%7B%22creatorType%22%3A%22author%22%2C%22name%22%3A%22Kreisausschu%5Cu00df%20des%20Rheingau-Taunus-Kreises%22%7D%5D%2C%22abstractNote%22%3A%22%22%2C%22date%22%3A%221988%22%2C%22language%22%3A%22%22%2C%22ISBN%22%3A%22%22%2C%22url%22%3A%22%22%2C%22collections%22%3A%5B%22JK8NAIU9%22%5D%2C%22dateModified%22%3A%222021-01-07T10%3A51%3A12Z%22%7D%7D%2C%7B%22key%22%3A%22TQSKWGGJ%22%2C%22library%22%3A%7B%22id%22%3A3307718%7D%2C%22meta%22%3A%7B%22numChildren%22%3A0%7D%2C%22bib%22%3A%22%26lt%3Bdiv%20class%3D%26quot%3Bcsl-bib-body%26quot%3B%20style%3D%26quot%3Bline-height%3A%201.35%3B%20%26quot%3B%26gt%3B%5Cn%20%20%26lt%3Bdiv%20class%3D%26quot%3Bcsl-entry%26quot%3B%26gt%3B%26%23x2018%3BDas%20Gebiet%20der%20Pfarrei%20Esch%20und%20die%20Anf%26%23xE4%3Bnge%20ihrer%20D%26%23xF6%3Brfer%26%23x2019%3B%20%28no%20date%29.%26lt%3B%5C%2Fdiv%26gt%3B%5Cn%26lt%3B%5C%2Fdiv%26gt%3B%22%2C%22data%22%3A%7B%22itemType%22%3A%22manuscript%22%2C%22title%22%3A%22Das%20Gebiet%20der%20Pfarrei%20Esch%20und%20die%20Anf%5Cu00e4nge%20ihrer%20D%5Cu00f6rfer%22%2C%22creators%22%3A%5B%5D%2C%22abstractNote%22%3A%22%22%2C%22manuscriptType%22%3A%22%22%2C%22date%22%3A%22%22%2C%22language%22%3A%22%22%2C%22url%22%3A%22%22%2C%22collections%22%3A%5B%5D%2C%22dateModified%22%3A%222017-05-09T08%3A32%3A04Z%22%7D%7D%2C%7B%22key%22%3A%22GF5FDHEP%22%2C%22library%22%3A%7B%22id%22%3A3307718%7D%2C%22meta%22%3A%7B%22creatorSummary%22%3A%22G%5Cu00e4rth%20and%20Faust%22%2C%22parsedDate%22%3A%222010%22%2C%22numChildren%22%3A0%7D%2C%22bib%22%3A%22%26lt%3Bdiv%20class%3D%26quot%3Bcsl-bib-body%26quot%3B%20style%3D%26quot%3Bline-height%3A%201.35%3B%20%26quot%3B%26gt%3B%5Cn%20%20%26lt%3Bdiv%20class%3D%26quot%3Bcsl-entry%26quot%3B%26gt%3BG%26%23xE4%3Brth%2C%20S.%20and%20Faust%2C%20P.%20%282010%29%20%26lt%3Bi%26gt%3BAlt%20Idstein%26lt%3B%5C%2Fi%26gt%3B.%20Available%20at%3A%20%26lt%3Ba%20class%3D%26%23039%3Bzp-ItemURL%26%23039%3B%20href%3D%26%23039%3Bhttp%3A%5C%2F%5C%2Fwww.alt-idstein.info%26%23039%3B%26gt%3Bhttp%3A%5C%2F%5C%2Fwww.alt-idstein.info%26lt%3B%5C%2Fa%26gt%3B.%26lt%3B%5C%2Fdiv%26gt%3B%5Cn%26lt%3B%5C%2Fdiv%26gt%3B%22%2C%22data%22%3A%7B%22itemType%22%3A%22webpage%22%2C%22title%22%3A%22Alt%20Idstein%22%2C%22creators%22%3A%5B%7B%22creatorType%22%3A%22author%22%2C%22firstName%22%3A%22Stefan%22%2C%22lastName%22%3A%22G%5Cu00e4rth%22%7D%2C%7B%22creatorType%22%3A%22author%22%2C%22firstName%22%3A%22Peter%22%2C%22lastName%22%3A%22Faust%22%7D%5D%2C%22abstractNote%22%3A%22%22%2C%22date%22%3A%222010%22%2C%22url%22%3A%22http%3A%5C%2F%5C%2Fwww.alt-idstein.info%22%2C%22language%22%3A%22%22%2C%22collections%22%3A%5B%5D%2C%22dateModified%22%3A%222016-09-05T08%3A52%3A01Z%22%7D%7D%5D%7D<\/span>\n\n\t\t\t\t<div id=\"zp-ID-113-3307718-FHZW39TN\" data-zp-author-date='Sternberg-1926' data-zp-date-author='1926-Sternberg' data-zp-date='1926' data-zp-year='1926' data-zp-itemtype='book' class=\"zp-Entry zpSearchResultsItem\">\n<div class=\"csl-bib-body\" style=\"line-height: 1.35; \">\n  <div class=\"csl-entry\">Sternberg, L. (1926) <i>Land Nassau<\/i>. Leipzig (Brandstetters Heimatb\u00fccher Deutscher Landschaften, 26).<\/div>\n<\/div>\n\t\t\t\t<\/div><!-- .zp-Entry .zpSearchResultsItem -->\t\t\t\t<div id=\"zp-ID-113-3307718-WSZMZSXU\" data-zp-author-date='Kreisausschu\u00df-des-Rheingau-Taunus-Kreises-1988' data-zp-date-author='1988-Kreisausschu\u00df-des-Rheingau-Taunus-Kreises' data-zp-date='1988' data-zp-year='1988' data-zp-itemtype='book' class=\"zp-Entry zpSearchResultsItem\">\n<div class=\"csl-bib-body\" style=\"line-height: 1.35; \">\n  <div class=\"csl-entry\">Kreisausschu\u00df des Rheingau-Taunus-Kreises (1988) <i>Jahrbuch Rheingau-Taunus-Kreis<\/i>.<\/div>\n<\/div>\n\t\t\t\t<\/div><!-- .zp-Entry .zpSearchResultsItem -->\t\t\t\t<div id=\"zp-ID-113-3307718-TQSKWGGJ\" data-zp-author-date='-0000-00-00' data-zp-date-author='0000-00-00-' data-zp-date='0000-00-00' data-zp-year='0000' data-zp-itemtype='manuscript' class=\"zp-Entry zpSearchResultsItem\">\n<div class=\"csl-bib-body\" style=\"line-height: 1.35; \">\n  <div class=\"csl-entry\">\u2018Das Gebiet der Pfarrei Esch und die Anf\u00e4nge ihrer D\u00f6rfer\u2019 (no date).<\/div>\n<\/div>\n\t\t\t\t<\/div><!-- .zp-Entry .zpSearchResultsItem -->\t\t\t\t<div id=\"zp-ID-113-3307718-GF5FDHEP\" data-zp-author-date='G\u00e4rth-and-Faust-2010' data-zp-date-author='2010-G\u00e4rth-and-Faust' data-zp-date='2010' data-zp-year='2010' data-zp-itemtype='webpage' class=\"zp-Entry zpSearchResultsItem\">\n<div class=\"csl-bib-body\" style=\"line-height: 1.35; \">\n  <div class=\"csl-entry\">G\u00e4rth, S. and Faust, P. (2010) <i>Alt Idstein<\/i>. Available at: <a class='zp-ItemURL' href='http:\/\/www.alt-idstein.info'>http:\/\/www.alt-idstein.info<\/a>.<\/div>\n<\/div>\n\t\t\t\t<\/div><!-- .zp-Entry .zpSearchResultsItem -->\n\t\t\t<\/div><!-- .zp-zp-SEO-Content -->\n\t\t<\/div><!-- .zp-List -->\n\t<\/div><!--.zp-Zotpress-->\n\n\n","protected":false},"excerpt":{"rendered":"<p>Im Jahr 1618 begann eine Leidenszeit f\u00fcr die Escher, die beinahe zum Aussterben des Ortes gef\u00fchrt h\u00e4tte. Viele H\u00e4user wurden zertst\u00f6rt, zahlreiche Einwohner starben oder fl\u00fcchteten. Am Ende stand Esch beinahe als ein verlassenes Dorf dar. Ab 1620 zogen abwechselnde Heerscharen durch den Taunus, nahmen Quartier und Essen von den Einwohnern, teils auch die Tiere [&hellip;]<\/p>\n","protected":false},"author":1,"featured_media":0,"comment_status":"open","ping_status":"open","sticky":false,"template":"","format":"standard","meta":{"jetpack_post_was_ever_published":false,"_jetpack_newsletter_access":"","_jetpack_dont_email_post_to_subs":true,"_jetpack_newsletter_tier_id":0,"_jetpack_memberships_contains_paywalled_content":false,"_jetpack_memberships_contains_paid_content":false,"footnotes":"","jetpack_publicize_message":"","jetpack_publicize_feature_enabled":true,"jetpack_social_post_already_shared":false,"jetpack_social_options":{"image_generator_settings":{"template":"highway","default_image_id":0,"font":"","enabled":false},"version":2}},"categories":[7],"tags":[169,36,168,122,106,225,105,44],"class_list":["post-113","post","type-post","status-publish","format-standard","hentry","category-geschichte","tag-bruehl","tag-engel","tag-himmel","tag-hirtes","tag-ortmann","tag-plebanus","tag-rueger","tag-stamm"],"jetpack_publicize_connections":[],"jetpack_featured_media_url":"","jetpack_shortlink":"https:\/\/wp.me\/p7PAez-1P","jetpack_sharing_enabled":true,"jetpack_likes_enabled":true,"_links":{"self":[{"href":"https:\/\/esch-taunus.de\/index.php?rest_route=\/wp\/v2\/posts\/113","targetHints":{"allow":["GET"]}}],"collection":[{"href":"https:\/\/esch-taunus.de\/index.php?rest_route=\/wp\/v2\/posts"}],"about":[{"href":"https:\/\/esch-taunus.de\/index.php?rest_route=\/wp\/v2\/types\/post"}],"author":[{"embeddable":true,"href":"https:\/\/esch-taunus.de\/index.php?rest_route=\/wp\/v2\/users\/1"}],"replies":[{"embeddable":true,"href":"https:\/\/esch-taunus.de\/index.php?rest_route=%2Fwp%2Fv2%2Fcomments&post=113"}],"version-history":[{"count":22,"href":"https:\/\/esch-taunus.de\/index.php?rest_route=\/wp\/v2\/posts\/113\/revisions"}],"predecessor-version":[{"id":2687,"href":"https:\/\/esch-taunus.de\/index.php?rest_route=\/wp\/v2\/posts\/113\/revisions\/2687"}],"wp:attachment":[{"href":"https:\/\/esch-taunus.de\/index.php?rest_route=%2Fwp%2Fv2%2Fmedia&parent=113"}],"wp:term":[{"taxonomy":"category","embeddable":true,"href":"https:\/\/esch-taunus.de\/index.php?rest_route=%2Fwp%2Fv2%2Fcategories&post=113"},{"taxonomy":"post_tag","embeddable":true,"href":"https:\/\/esch-taunus.de\/index.php?rest_route=%2Fwp%2Fv2%2Ftags&post=113"}],"curies":[{"name":"wp","href":"https:\/\/api.w.org\/{rel}","templated":true}]}}